{"id":14177,"date":"2019-05-11T12:41:11","date_gmt":"2019-05-11T12:41:11","guid":{"rendered":"http:\/\/blog.nojo.fr\/?p=14177"},"modified":"2019-05-11T12:41:11","modified_gmt":"2019-05-11T12:41:11","slug":"visite-de-la-villa-ephrussi-de-rothschild","status":"publish","type":"post","link":"http:\/\/blog.nojo.fr\/index.php\/2019\/05\/11\/visite-de-la-villa-ephrussi-de-rothschild\/","title":{"rendered":"Visite de la villa Ephrussi de Rothschild"},"content":{"rendered":"<p><img loading=\"lazy\" decoding=\"async\" class=\"alignnone size-medium wp-image-14178\" src=\"http:\/\/blog-4.nojo.fr\/wp-content\/uploads\/2019\/05\/cCfe8PBITmOwUPzmsPlMw-300x225.jpg\" alt=\"Villa Ephrussi de Rothschild\" width=\"300\" height=\"225\" srcset=\"http:\/\/blog.nojo.fr\/wp-content\/uploads\/2019\/05\/cCfe8PBITmOwUPzmsPlMw-300x225.jpg 300w, http:\/\/blog.nojo.fr\/wp-content\/uploads\/2019\/05\/cCfe8PBITmOwUPzmsPlMw-1024x768.jpg 1024w, http:\/\/blog.nojo.fr\/wp-content\/uploads\/2019\/05\/cCfe8PBITmOwUPzmsPlMw-768x576.jpg 768w, http:\/\/blog.nojo.fr\/wp-content\/uploads\/2019\/05\/cCfe8PBITmOwUPzmsPlMw-1536x1152.jpg 1536w, http:\/\/blog.nojo.fr\/wp-content\/uploads\/2019\/05\/cCfe8PBITmOwUPzmsPlMw-2048x1536.jpg 2048w, http:\/\/blog.nojo.fr\/wp-content\/uploads\/2019\/05\/cCfe8PBITmOwUPzmsPlMw-1568x1176.jpg 1568w\" sizes=\"auto, (max-width: 300px) 100vw, 300px\" \/><\/p>\n<p>Hier visite de la <a href=\"https:\/\/www.villa-ephrussi.com\/\">villa Ephrussi de Rothschild<\/a> \u00e0&nbsp; <a href=\"https:\/\/www.saint-jean-cap-ferrat.fr\/\">Saint Jean Cap Ferrat<\/a><\/p>\n<p>La&nbsp;<b>villa Ephrussi de Rothschild<\/b>, appel\u00e9e aussi&nbsp;<b>villa \u00cele-de-France<\/b>, est un des plus beaux&nbsp;<a title=\"Palais\" href=\"https:\/\/fr.wikipedia.org\/wiki\/Palais\">palais<\/a>&nbsp;de&nbsp;<a class=\"mw-redirect\" title=\"Renaissance artistique\" href=\"https:\/\/fr.wikipedia.org\/wiki\/Renaissance_artistique\">style Renaissance<\/a>&nbsp;de la&nbsp;<a title=\"C\u00f4te d'Azur\" href=\"https:\/\/fr.wikipedia.org\/wiki\/C%C3%B4te_d%27Azur\">C\u00f4te d&#8217;Azur<\/a>&nbsp;construit sur un sommet de la presqu&#8217;\u00eele du&nbsp;<a title=\"Cap Ferrat\" href=\"https:\/\/fr.wikipedia.org\/wiki\/Cap_Ferrat\">cap Ferrat<\/a>&nbsp;entre&nbsp;<a title=\"1905\" href=\"https:\/\/fr.wikipedia.org\/wiki\/1905\">1905<\/a>&nbsp;et&nbsp;<a title=\"1912\" href=\"https:\/\/fr.wikipedia.org\/wiki\/1912\">1912<\/a>&nbsp;\u00e0&nbsp;<a title=\"Saint-Jean-Cap-Ferrat\" href=\"https:\/\/fr.wikipedia.org\/wiki\/Saint-Jean-Cap-Ferrat\">Saint-Jean-Cap-Ferrat<\/a>&nbsp;par la baronne&nbsp;<a title=\"B\u00e9atrice de Rothschild\" href=\"https:\/\/fr.wikipedia.org\/wiki\/B%C3%A9atrice_de_Rothschild\">B\u00e9atrice Ephrussi de Rothschild<\/a>&nbsp;(<a title=\"1864\" href=\"https:\/\/fr.wikipedia.org\/wiki\/1864\">1864<\/a>&#8211;<a title=\"1934\" href=\"https:\/\/fr.wikipedia.org\/wiki\/1934\">1934<\/a>).<\/p>\n<p>\u00ab&nbsp;Le mus\u00e9e donne une id\u00e9e particuli\u00e8rement vivante de ce que fut la r\u00e9sidence d&#8217;un grand amateur d&#8217;art de la Belle \u00c9poque qui manifesta un attrait particulier pour le&nbsp;<abbr class=\"abbr\" title=\"18\u1d49 si\u00e8cle\"><span class=\"romain\">xviii<\/span><sup>e<\/sup><\/abbr>&nbsp;si\u00e8cle&nbsp;\u00bb Corcuera (<i>Vogue D\u00e9coration<\/i>, 1985).<\/p>\n<p><!--more--><\/p>\n<p>La baronne l\u00e9gua \u00e0 sa mort en&nbsp;<a title=\"1934\" href=\"https:\/\/fr.wikipedia.org\/wiki\/1934\">1934<\/a>, la gestion de sa villa \u00e0 une fondation portant son nom pour y ouvrir un mus\u00e9e. Le&nbsp;<time class=\"nowrap date-lien\" datetime=\"1938-04-02\" data-sort-value=\"1938-04-02\"><a title=\"2 avril\" href=\"https:\/\/fr.wikipedia.org\/wiki\/2_avril\">2<\/a>&nbsp;<a title=\"Avril 1938\" href=\"https:\/\/fr.wikipedia.org\/wiki\/Avril_1938\">avril<\/a>&nbsp;<a title=\"1938\" href=\"https:\/\/fr.wikipedia.org\/wiki\/1938\">1938<\/a><\/time>&nbsp;&#8211; en 1937 selon Corcuera,&nbsp;<i>op. cit.<\/i>,&nbsp;<span class=\"nowrap\"><abbr class=\"abbr\" title=\"page\">p.<\/abbr>&nbsp;151<\/span>), le mus\u00e9e s&#8217;ouvre au public apr\u00e8s un travail de remise en \u00e9tat de la villa et de son jardin mais doit rapidement fermer au d\u00e9but de la Seconde Guerre Mondiale. M\u00eame par la suite, sa fr\u00e9quentation reste confidentielle et ce n&#8217;est qu&#8217;en&nbsp;<a title=\"1960\" href=\"https:\/\/fr.wikipedia.org\/wiki\/1960\">1960<\/a>&nbsp;avec le changement de conservateur qu&#8217;elle commence \u00e0 se faire conna\u00eetre avec environ 60&nbsp;000 visiteurs annuels.<\/p>\n<p>ngg_shortcode_0_placeholderDans les&nbsp;<a title=\"Ann\u00e9es 1990\" href=\"https:\/\/fr.wikipedia.org\/wiki\/Ann%C3%A9es_1990\">ann\u00e9es 1990<\/a>, sa gestion est confi\u00e9e \u00e0 la soci\u00e9t\u00e9 priv\u00e9e&nbsp;<a title=\"Culturespaces\" href=\"https:\/\/fr.wikipedia.org\/wiki\/Culturespaces\">Culturespaces<\/a>&nbsp;et une nouvelle sc\u00e9nographie remplace celle de&nbsp;<a title=\"1960\" href=\"https:\/\/fr.wikipedia.org\/wiki\/1960\">1960<\/a>&nbsp;; le nombre annuel de visiteurs atteint 130&nbsp;000 ce qui en fait l&#8217;un des sites les plus visit\u00e9s entre&nbsp;<a title=\"Nice\" href=\"https:\/\/fr.wikipedia.org\/wiki\/Nice\">Nice<\/a>&nbsp;et&nbsp;<a title=\"Menton (Alpes-Maritimes)\" href=\"https:\/\/fr.wikipedia.org\/wiki\/Menton_(Alpes-Maritimes)\">Menton<\/a>.<\/p>\n","protected":false},"excerpt":{"rendered":"<p>Hier visite de la villa Ephrussi de Rothschild \u00e0&nbsp; Saint Jean Cap Ferrat La&nbsp;villa Ephrussi de Rothschild, appel\u00e9e aussi&nbsp;villa \u00cele-de-France, est un des plus beaux&nbsp;palais&nbsp;de&nbsp;style Renaissance&nbsp;de la&nbsp;C\u00f4te d&#8217;Azur&nbsp;construit sur un sommet de la presqu&#8217;\u00eele du&nbsp;cap Ferrat&nbsp;entre&nbsp;1905&nbsp;et&nbsp;1912&nbsp;\u00e0&nbsp;Saint-Jean-Cap-Ferrat&nbsp;par la baronne&nbsp;B\u00e9atrice Ephrussi de Rothschild&nbsp;(1864&#8211;1934). \u00ab&nbsp;Le mus\u00e9e donne une id\u00e9e particuli\u00e8rement vivante de ce que fut la r\u00e9sidence d&#8217;un [&hellip;]<\/p>\n","protected":false},"author":1,"featured_media":0,"comment_status":"open","ping_status":"open","sticky":false,"template":"","format":"standard","meta":{"wikipediapreview_detectlinks":true,"ngg_post_thumbnail":0,"footnotes":""},"categories":[2,10],"tags":[38,42],"class_list":["post-14177","post","type-post","status-publish","format-standard","hentry","category-ballades","category-musee","tag-jardin","tag-musee"],"yoast_head":"<!-- This site is optimized with the Yoast SEO plugin v27.4 - https:\/\/yoast.com\/product\/yoast-seo-wordpress\/ -->\n<title>Visite de la villa Ephrussi de Rothschild - Le blog de Sergiodadi<\/title>\n<meta name=\"robots\" content=\"index, follow, max-snippet:-1, max-image-preview:large, max-video-preview:-1\" \/>\n<link rel=\"canonical\" href=\"http:\/\/blog.nojo.fr\/index.php\/2019\/05\/11\/visite-de-la-villa-ephrussi-de-rothschild\/\" \/>\n<meta property=\"og:locale\" content=\"fr_FR\" \/>\n<meta property=\"og:type\" content=\"article\" \/>\n<meta property=\"og:title\" content=\"Visite de la villa Ephrussi de Rothschild - Le blog de Sergiodadi\" \/>\n<meta property=\"og:description\" content=\"Hier visite de la villa Ephrussi de Rothschild \u00e0&nbsp; Saint Jean Cap Ferrat La&nbsp;villa Ephrussi de Rothschild, appel\u00e9e aussi&nbsp;villa \u00cele-de-France, est un des plus beaux&nbsp;palais&nbsp;de&nbsp;style Renaissance&nbsp;de la&nbsp;C\u00f4te d&#8217;Azur&nbsp;construit sur un sommet de la presqu&#8217;\u00eele du&nbsp;cap Ferrat&nbsp;entre&nbsp;1905&nbsp;et&nbsp;1912&nbsp;\u00e0&nbsp;Saint-Jean-Cap-Ferrat&nbsp;par la baronne&nbsp;B\u00e9atrice Ephrussi de Rothschild&nbsp;(1864&#8211;1934). \u00ab&nbsp;Le mus\u00e9e donne une id\u00e9e particuli\u00e8rement vivante de ce que fut la r\u00e9sidence d&#8217;un [&hellip;]\" \/>\n<meta property=\"og:url\" content=\"http:\/\/blog.nojo.fr\/index.php\/2019\/05\/11\/visite-de-la-villa-ephrussi-de-rothschild\/\" \/>\n<meta property=\"og:site_name\" content=\"Le blog de Sergiodadi\" \/>\n<meta property=\"article:published_time\" content=\"2019-05-11T12:41:11+00:00\" \/>\n<meta property=\"og:image\" content=\"http:\/\/blog-4.nojo.fr\/wp-content\/uploads\/2019\/05\/cCfe8PBITmOwUPzmsPlMw-300x225.jpg\" \/>\n<meta name=\"author\" content=\"admin-serge\" \/>\n<meta name=\"twitter:card\" content=\"summary_large_image\" \/>\n<meta name=\"twitter:label1\" content=\"\u00c9crit par\" \/>\n\t<meta name=\"twitter:data1\" content=\"admin-serge\" \/>\n\t<meta name=\"twitter:label2\" content=\"Dur\u00e9e de lecture estim\u00e9e\" \/>\n\t<meta name=\"twitter:data2\" content=\"1 minute\" \/>\n<script type=\"application\/ld+json\" class=\"yoast-schema-graph\">{\"@context\":\"https:\\\/\\\/schema.org\",\"@graph\":[{\"@type\":\"Article\",\"@id\":\"http:\\\/\\\/blog.nojo.fr\\\/index.php\\\/2019\\\/05\\\/11\\\/visite-de-la-villa-ephrussi-de-rothschild\\\/#article\",\"isPartOf\":{\"@id\":\"http:\\\/\\\/blog.nojo.fr\\\/index.php\\\/2019\\\/05\\\/11\\\/visite-de-la-villa-ephrussi-de-rothschild\\\/\"},\"author\":{\"name\":\"admin-serge\",\"@id\":\"http:\\\/\\\/blog.nojo.fr\\\/#\\\/schema\\\/person\\\/707d71280d1614570f9444dc005cccd0\"},\"headline\":\"Visite de la villa Ephrussi de Rothschild\",\"datePublished\":\"2019-05-11T12:41:11+00:00\",\"mainEntityOfPage\":{\"@id\":\"http:\\\/\\\/blog.nojo.fr\\\/index.php\\\/2019\\\/05\\\/11\\\/visite-de-la-villa-ephrussi-de-rothschild\\\/\"},\"wordCount\":302,\"commentCount\":0,\"image\":{\"@id\":\"http:\\\/\\\/blog.nojo.fr\\\/index.php\\\/2019\\\/05\\\/11\\\/visite-de-la-villa-ephrussi-de-rothschild\\\/#primaryimage\"},\"thumbnailUrl\":\"http:\\\/\\\/blog-4.nojo.fr\\\/wp-content\\\/uploads\\\/2019\\\/05\\\/cCfe8PBITmOwUPzmsPlMw-300x225.jpg\",\"keywords\":[\"Jardin\",\"Mus\u00e9e\"],\"articleSection\":[\"Balade\",\"Mus\u00e9e\"],\"inLanguage\":\"fr-FR\",\"potentialAction\":[{\"@type\":\"CommentAction\",\"name\":\"Comment\",\"target\":[\"http:\\\/\\\/blog.nojo.fr\\\/index.php\\\/2019\\\/05\\\/11\\\/visite-de-la-villa-ephrussi-de-rothschild\\\/#respond\"]}]},{\"@type\":\"WebPage\",\"@id\":\"http:\\\/\\\/blog.nojo.fr\\\/index.php\\\/2019\\\/05\\\/11\\\/visite-de-la-villa-ephrussi-de-rothschild\\\/\",\"url\":\"http:\\\/\\\/blog.nojo.fr\\\/index.php\\\/2019\\\/05\\\/11\\\/visite-de-la-villa-ephrussi-de-rothschild\\\/\",\"name\":\"Visite de la villa Ephrussi de Rothschild - Le blog de Sergiodadi\",\"isPartOf\":{\"@id\":\"http:\\\/\\\/blog.nojo.fr\\\/#website\"},\"primaryImageOfPage\":{\"@id\":\"http:\\\/\\\/blog.nojo.fr\\\/index.php\\\/2019\\\/05\\\/11\\\/visite-de-la-villa-ephrussi-de-rothschild\\\/#primaryimage\"},\"image\":{\"@id\":\"http:\\\/\\\/blog.nojo.fr\\\/index.php\\\/2019\\\/05\\\/11\\\/visite-de-la-villa-ephrussi-de-rothschild\\\/#primaryimage\"},\"thumbnailUrl\":\"http:\\\/\\\/blog-4.nojo.fr\\\/wp-content\\\/uploads\\\/2019\\\/05\\\/cCfe8PBITmOwUPzmsPlMw-300x225.jpg\",\"datePublished\":\"2019-05-11T12:41:11+00:00\",\"author\":{\"@id\":\"http:\\\/\\\/blog.nojo.fr\\\/#\\\/schema\\\/person\\\/707d71280d1614570f9444dc005cccd0\"},\"breadcrumb\":{\"@id\":\"http:\\\/\\\/blog.nojo.fr\\\/index.php\\\/2019\\\/05\\\/11\\\/visite-de-la-villa-ephrussi-de-rothschild\\\/#breadcrumb\"},\"inLanguage\":\"fr-FR\",\"potentialAction\":[{\"@type\":\"ReadAction\",\"target\":[\"http:\\\/\\\/blog.nojo.fr\\\/index.php\\\/2019\\\/05\\\/11\\\/visite-de-la-villa-ephrussi-de-rothschild\\\/\"]}]},{\"@type\":\"ImageObject\",\"inLanguage\":\"fr-FR\",\"@id\":\"http:\\\/\\\/blog.nojo.fr\\\/index.php\\\/2019\\\/05\\\/11\\\/visite-de-la-villa-ephrussi-de-rothschild\\\/#primaryimage\",\"url\":\"http:\\\/\\\/blog-4.nojo.fr\\\/wp-content\\\/uploads\\\/2019\\\/05\\\/cCfe8PBITmOwUPzmsPlMw-300x225.jpg\",\"contentUrl\":\"http:\\\/\\\/blog-4.nojo.fr\\\/wp-content\\\/uploads\\\/2019\\\/05\\\/cCfe8PBITmOwUPzmsPlMw-300x225.jpg\"},{\"@type\":\"BreadcrumbList\",\"@id\":\"http:\\\/\\\/blog.nojo.fr\\\/index.php\\\/2019\\\/05\\\/11\\\/visite-de-la-villa-ephrussi-de-rothschild\\\/#breadcrumb\",\"itemListElement\":[{\"@type\":\"ListItem\",\"position\":1,\"name\":\"Home\",\"item\":\"http:\\\/\\\/blog.nojo.fr\\\/\"},{\"@type\":\"ListItem\",\"position\":2,\"name\":\"Visite de la villa Ephrussi de Rothschild\"}]},{\"@type\":\"WebSite\",\"@id\":\"http:\\\/\\\/blog.nojo.fr\\\/#website\",\"url\":\"http:\\\/\\\/blog.nojo.fr\\\/\",\"name\":\"Le blog de Sergiodadi\",\"description\":\"Un peu de tout\u2026 Musique, Livres, Amis, Mus\u00e9es, Spectacles\u2026\",\"potentialAction\":[{\"@type\":\"SearchAction\",\"target\":{\"@type\":\"EntryPoint\",\"urlTemplate\":\"http:\\\/\\\/blog.nojo.fr\\\/?s={search_term_string}\"},\"query-input\":{\"@type\":\"PropertyValueSpecification\",\"valueRequired\":true,\"valueName\":\"search_term_string\"}}],\"inLanguage\":\"fr-FR\"},{\"@type\":\"Person\",\"@id\":\"http:\\\/\\\/blog.nojo.fr\\\/#\\\/schema\\\/person\\\/707d71280d1614570f9444dc005cccd0\",\"name\":\"admin-serge\",\"image\":{\"@type\":\"ImageObject\",\"inLanguage\":\"fr-FR\",\"@id\":\"https:\\\/\\\/secure.gravatar.com\\\/avatar\\\/8e91f94c902d837af08d31aa84904cd69aba8327cfda178714a55a31e57dace2?s=96&d=mm&r=g\",\"url\":\"https:\\\/\\\/secure.gravatar.com\\\/avatar\\\/8e91f94c902d837af08d31aa84904cd69aba8327cfda178714a55a31e57dace2?s=96&d=mm&r=g\",\"contentUrl\":\"https:\\\/\\\/secure.gravatar.com\\\/avatar\\\/8e91f94c902d837af08d31aa84904cd69aba8327cfda178714a55a31e57dace2?s=96&d=mm&r=g\",\"caption\":\"admin-serge\"},\"sameAs\":[\"http:\\\/\\\/blog-4.nojo.fr\"],\"url\":\"http:\\\/\\\/blog.nojo.fr\\\/index.php\\\/author\\\/admin-serge\\\/\"}]}<\/script>\n<!-- \/ Yoast SEO plugin. -->","yoast_head_json":{"title":"Visite de la villa Ephrussi de Rothschild - Le blog de Sergiodadi","robots":{"index":"index","follow":"follow","max-snippet":"max-snippet:-1","max-image-preview":"max-image-preview:large","max-video-preview":"max-video-preview:-1"},"canonical":"http:\/\/blog.nojo.fr\/index.php\/2019\/05\/11\/visite-de-la-villa-ephrussi-de-rothschild\/","og_locale":"fr_FR","og_type":"article","og_title":"Visite de la villa Ephrussi de Rothschild - Le blog de Sergiodadi","og_description":"Hier visite de la villa Ephrussi de Rothschild \u00e0&nbsp; Saint Jean Cap Ferrat La&nbsp;villa Ephrussi de Rothschild, appel\u00e9e aussi&nbsp;villa \u00cele-de-France, est un des plus beaux&nbsp;palais&nbsp;de&nbsp;style Renaissance&nbsp;de la&nbsp;C\u00f4te d&#8217;Azur&nbsp;construit sur un sommet de la presqu&#8217;\u00eele du&nbsp;cap Ferrat&nbsp;entre&nbsp;1905&nbsp;et&nbsp;1912&nbsp;\u00e0&nbsp;Saint-Jean-Cap-Ferrat&nbsp;par la baronne&nbsp;B\u00e9atrice Ephrussi de Rothschild&nbsp;(1864&#8211;1934). \u00ab&nbsp;Le mus\u00e9e donne une id\u00e9e particuli\u00e8rement vivante de ce que fut la r\u00e9sidence d&#8217;un [&hellip;]","og_url":"http:\/\/blog.nojo.fr\/index.php\/2019\/05\/11\/visite-de-la-villa-ephrussi-de-rothschild\/","og_site_name":"Le blog de Sergiodadi","article_published_time":"2019-05-11T12:41:11+00:00","og_image":[{"url":"http:\/\/blog-4.nojo.fr\/wp-content\/uploads\/2019\/05\/cCfe8PBITmOwUPzmsPlMw-300x225.jpg","type":"","width":"","height":""}],"author":"admin-serge","twitter_card":"summary_large_image","twitter_misc":{"\u00c9crit par":"admin-serge","Dur\u00e9e de lecture estim\u00e9e":"1 minute"},"schema":{"@context":"https:\/\/schema.org","@graph":[{"@type":"Article","@id":"http:\/\/blog.nojo.fr\/index.php\/2019\/05\/11\/visite-de-la-villa-ephrussi-de-rothschild\/#article","isPartOf":{"@id":"http:\/\/blog.nojo.fr\/index.php\/2019\/05\/11\/visite-de-la-villa-ephrussi-de-rothschild\/"},"author":{"name":"admin-serge","@id":"http:\/\/blog.nojo.fr\/#\/schema\/person\/707d71280d1614570f9444dc005cccd0"},"headline":"Visite de la villa Ephrussi de Rothschild","datePublished":"2019-05-11T12:41:11+00:00","mainEntityOfPage":{"@id":"http:\/\/blog.nojo.fr\/index.php\/2019\/05\/11\/visite-de-la-villa-ephrussi-de-rothschild\/"},"wordCount":302,"commentCount":0,"image":{"@id":"http:\/\/blog.nojo.fr\/index.php\/2019\/05\/11\/visite-de-la-villa-ephrussi-de-rothschild\/#primaryimage"},"thumbnailUrl":"http:\/\/blog-4.nojo.fr\/wp-content\/uploads\/2019\/05\/cCfe8PBITmOwUPzmsPlMw-300x225.jpg","keywords":["Jardin","Mus\u00e9e"],"articleSection":["Balade","Mus\u00e9e"],"inLanguage":"fr-FR","potentialAction":[{"@type":"CommentAction","name":"Comment","target":["http:\/\/blog.nojo.fr\/index.php\/2019\/05\/11\/visite-de-la-villa-ephrussi-de-rothschild\/#respond"]}]},{"@type":"WebPage","@id":"http:\/\/blog.nojo.fr\/index.php\/2019\/05\/11\/visite-de-la-villa-ephrussi-de-rothschild\/","url":"http:\/\/blog.nojo.fr\/index.php\/2019\/05\/11\/visite-de-la-villa-ephrussi-de-rothschild\/","name":"Visite de la villa Ephrussi de Rothschild - Le blog de Sergiodadi","isPartOf":{"@id":"http:\/\/blog.nojo.fr\/#website"},"primaryImageOfPage":{"@id":"http:\/\/blog.nojo.fr\/index.php\/2019\/05\/11\/visite-de-la-villa-ephrussi-de-rothschild\/#primaryimage"},"image":{"@id":"http:\/\/blog.nojo.fr\/index.php\/2019\/05\/11\/visite-de-la-villa-ephrussi-de-rothschild\/#primaryimage"},"thumbnailUrl":"http:\/\/blog-4.nojo.fr\/wp-content\/uploads\/2019\/05\/cCfe8PBITmOwUPzmsPlMw-300x225.jpg","datePublished":"2019-05-11T12:41:11+00:00","author":{"@id":"http:\/\/blog.nojo.fr\/#\/schema\/person\/707d71280d1614570f9444dc005cccd0"},"breadcrumb":{"@id":"http:\/\/blog.nojo.fr\/index.php\/2019\/05\/11\/visite-de-la-villa-ephrussi-de-rothschild\/#breadcrumb"},"inLanguage":"fr-FR","potentialAction":[{"@type":"ReadAction","target":["http:\/\/blog.nojo.fr\/index.php\/2019\/05\/11\/visite-de-la-villa-ephrussi-de-rothschild\/"]}]},{"@type":"ImageObject","inLanguage":"fr-FR","@id":"http:\/\/blog.nojo.fr\/index.php\/2019\/05\/11\/visite-de-la-villa-ephrussi-de-rothschild\/#primaryimage","url":"http:\/\/blog-4.nojo.fr\/wp-content\/uploads\/2019\/05\/cCfe8PBITmOwUPzmsPlMw-300x225.jpg","contentUrl":"http:\/\/blog-4.nojo.fr\/wp-content\/uploads\/2019\/05\/cCfe8PBITmOwUPzmsPlMw-300x225.jpg"},{"@type":"BreadcrumbList","@id":"http:\/\/blog.nojo.fr\/index.php\/2019\/05\/11\/visite-de-la-villa-ephrussi-de-rothschild\/#breadcrumb","itemListElement":[{"@type":"ListItem","position":1,"name":"Home","item":"http:\/\/blog.nojo.fr\/"},{"@type":"ListItem","position":2,"name":"Visite de la villa Ephrussi de Rothschild"}]},{"@type":"WebSite","@id":"http:\/\/blog.nojo.fr\/#website","url":"http:\/\/blog.nojo.fr\/","name":"Le blog de Sergiodadi","description":"Un peu de tout\u2026 Musique, Livres, Amis, Mus\u00e9es, Spectacles\u2026","potentialAction":[{"@type":"SearchAction","target":{"@type":"EntryPoint","urlTemplate":"http:\/\/blog.nojo.fr\/?s={search_term_string}"},"query-input":{"@type":"PropertyValueSpecification","valueRequired":true,"valueName":"search_term_string"}}],"inLanguage":"fr-FR"},{"@type":"Person","@id":"http:\/\/blog.nojo.fr\/#\/schema\/person\/707d71280d1614570f9444dc005cccd0","name":"admin-serge","image":{"@type":"ImageObject","inLanguage":"fr-FR","@id":"https:\/\/secure.gravatar.com\/avatar\/8e91f94c902d837af08d31aa84904cd69aba8327cfda178714a55a31e57dace2?s=96&d=mm&r=g","url":"https:\/\/secure.gravatar.com\/avatar\/8e91f94c902d837af08d31aa84904cd69aba8327cfda178714a55a31e57dace2?s=96&d=mm&r=g","contentUrl":"https:\/\/secure.gravatar.com\/avatar\/8e91f94c902d837af08d31aa84904cd69aba8327cfda178714a55a31e57dace2?s=96&d=mm&r=g","caption":"admin-serge"},"sameAs":["http:\/\/blog-4.nojo.fr"],"url":"http:\/\/blog.nojo.fr\/index.php\/author\/admin-serge\/"}]}},"_links":{"self":[{"href":"http:\/\/blog.nojo.fr\/index.php\/wp-json\/wp\/v2\/posts\/14177","targetHints":{"allow":["GET"]}}],"collection":[{"href":"http:\/\/blog.nojo.fr\/index.php\/wp-json\/wp\/v2\/posts"}],"about":[{"href":"http:\/\/blog.nojo.fr\/index.php\/wp-json\/wp\/v2\/types\/post"}],"author":[{"embeddable":true,"href":"http:\/\/blog.nojo.fr\/index.php\/wp-json\/wp\/v2\/users\/1"}],"replies":[{"embeddable":true,"href":"http:\/\/blog.nojo.fr\/index.php\/wp-json\/wp\/v2\/comments?post=14177"}],"version-history":[{"count":0,"href":"http:\/\/blog.nojo.fr\/index.php\/wp-json\/wp\/v2\/posts\/14177\/revisions"}],"wp:attachment":[{"href":"http:\/\/blog.nojo.fr\/index.php\/wp-json\/wp\/v2\/media?parent=14177"}],"wp:term":[{"taxonomy":"category","embeddable":true,"href":"http:\/\/blog.nojo.fr\/index.php\/wp-json\/wp\/v2\/categories?post=14177"},{"taxonomy":"post_tag","embeddable":true,"href":"http:\/\/blog.nojo.fr\/index.php\/wp-json\/wp\/v2\/tags?post=14177"}],"curies":[{"name":"wp","href":"https:\/\/api.w.org\/{rel}","templated":true}]}}