{"id":14334,"date":"2019-06-03T14:17:54","date_gmt":"2019-06-03T14:17:54","guid":{"rendered":"http:\/\/blog.nojo.fr\/?p=14334"},"modified":"2019-06-03T14:17:54","modified_gmt":"2019-06-03T14:17:54","slug":"visite-du-salon-top-marques-2019-a-monaco","status":"publish","type":"post","link":"http:\/\/blog.nojo.fr\/index.php\/2019\/06\/03\/visite-du-salon-top-marques-2019-a-monaco\/","title":{"rendered":"Visite du salon Top Marques 2019 \u00e0 Monaco"},"content":{"rendered":"<p><img loading=\"lazy\" decoding=\"async\" class=\"alignnone size-medium wp-image-14335\" src=\"http:\/\/blog-4.nojo.fr\/wp-content\/uploads\/2019\/06\/fullsizeoutput_8187-227x300.jpeg\" alt=\"Top Marques 2019\" width=\"227\" height=\"300\" srcset=\"http:\/\/blog.nojo.fr\/wp-content\/uploads\/2019\/06\/fullsizeoutput_8187-227x300.jpeg 227w, http:\/\/blog.nojo.fr\/wp-content\/uploads\/2019\/06\/fullsizeoutput_8187-773x1024.jpeg 773w, http:\/\/blog.nojo.fr\/wp-content\/uploads\/2019\/06\/fullsizeoutput_8187-768x1017.jpeg 768w, http:\/\/blog.nojo.fr\/wp-content\/uploads\/2019\/06\/fullsizeoutput_8187-1160x1536.jpeg 1160w, http:\/\/blog.nojo.fr\/wp-content\/uploads\/2019\/06\/fullsizeoutput_8187-1547x2048.jpeg 1547w, http:\/\/blog.nojo.fr\/wp-content\/uploads\/2019\/06\/fullsizeoutput_8187-1568x2076.jpeg 1568w, http:\/\/blog.nojo.fr\/wp-content\/uploads\/2019\/06\/fullsizeoutput_8187-scaled.jpeg 1933w\" sizes=\"auto, (max-width: 227px) 100vw, 227px\" \/><\/p>\n<p>Visite du salon <strong>Top Marques 2019<\/strong> \u00e0 Monaco<\/p>\n<p>Juste \u00e0 cot\u00e9 du salon, il y a 4 boutiques, <strong>Ferrari<\/strong>, <strong>McLaren<\/strong>, <strong>Aston Martin<\/strong> et <strong>Rolls Royce<\/strong> mais le dimanche ces magasins sont ferm\u00e9s, je n&#8217;ai donc rien pu acheter&nbsp;<span class=\"_47e3 _5mfr\" title=\"\u00e9motic\u00f4ne wink\"><img loading=\"lazy\" decoding=\"async\" class=\"img\" role=\"presentation\" src=\"https:\/\/static.xx.fbcdn.net\/images\/emoji.php\/v9\/t57\/1\/16\/1f609.png\" alt=\"\" width=\"16\" height=\"16\"><\/span><\/p>\n<p><!--more--><\/p>\n<p>ngg_shortcode_0_placeholderDe nombreuses marques automobiles de prestiges seront pr\u00e9sentes \u00e0 l\u2019image des tr\u00e8s exclusives Rolls-Royce, Bentley, Bugatti ou les plus accessibles constructeurs premium allemands comme Audi et Mercedes, ainsi que des pr\u00e9parateurs et autres fabricants d\u2019engins exclusifs.<\/p>\n<p>La liste exhaustive des constructeurs principaux qui seront pr\u00e9sents est donn\u00e9e ci-apr\u00e8s. Chaque constructeur pr\u00e9sent est synonyme de luxe, de sportivit\u00e9 et d\u2019exclusivit\u00e9. Mise \u00e0 part peut-\u00eatre les petites Smart, qui rencontrent cependant un franc succ\u00e8s m\u00eame aupr\u00e8s des clients fortun\u00e9s.<\/p>\n<ul>\n<li>Aston Martin<\/li>\n<li>Audi<\/li>\n<li>Bentley<\/li>\n<li>Bugatti<\/li>\n<li>Ferrari<\/li>\n<li>Lamborghini<\/li>\n<li>McLaren<\/li>\n<li>Mercedes-Benz<\/li>\n<li>Porsche<\/li>\n<li>Rolls-Royce<\/li>\n<li>Smart<\/li>\n<li>Tesla<\/li>\n<\/ul>\n<p>D\u2019autres constructeurs, \u00e0 la production beaucoup plus anecdotique et souvent tr\u00e8s artisanale mais pas moins int\u00e9ressants, seront aussi pr\u00e9sents sur le Rocher :<\/p>\n<p><strong>Bilenkin Classic Cars<\/strong> qui propose une interpr\u00e9tation n\u00e9o-r\u00e9tro d\u2019un v\u00e9hicule avec un look d\u2019ancienne (un air de Volvo P1800) \u00e9quip\u00e9 de toutes les technologies modernes et d\u2019une finition de qualit\u00e9.<\/p>\n<p><strong>Devinci<\/strong>, petit fabricant de voitures \u00e9lectriques, \u00e9tait pr\u00e9sent lors du salon R\u00e9tromobile \u00e0 Paris en d\u00e9but d\u2019ann\u00e9e. Il proposera au salon Top Marques ses v\u00e9hicules au design des voitures de course des ann\u00e9es 30 avec une motorisation 100% \u00e9lectrique.<\/p>\n<p><strong>Puritalia Automobili<\/strong> exposera son coup\u00e9 de luxe aux allures des GT les plus exclusives et \u00e0 la finition irr\u00e9prochable. La marque annonce une berlinetta \u201csuper-hybride\u201d de 965 ch et \u00e0 la r\u00e9partition des masses id\u00e9ale \u00e0 50\/50, les chiffres donnent le ton.<\/p>\n<p>L\u2019australien de <strong>Zacaria Supercars<\/strong> sera pr\u00e9sent avec un mod\u00e8le unique splendide en hommage \u00e0 l\u2019histoire de Ferrari en comp\u00e9tition, premi\u00e8re F1 homologu\u00e9 pour la route avec moteur V12 Ferrari.<\/p>\n<p><strong>Shelby<\/strong> est le seul fabricant \u00e0 reconstruire \u00e0 l\u2019identique la c\u00e9l\u00e8bre AC Cobra. Il propose \u201cplus que des r\u00e9pliques, de v\u00e9ritables continuations\u201d.<\/p>\n<p>La <strong>Quant<\/strong> 48 volt, qui rappelle une certaine Tesla Mod\u00e8le S avec un peu plus d\u2019audace dans le style, tandis que la plus petite Quantino 48 volt pourra se targuer de ses tests routiers concluants sur plus de 350.000 km.<\/p>\n<p><strong>Azaris<\/strong> arrive avec un ovni \u00e9lectrique \u00e0 technologie maison \u201cFerox\u201d, 6 roues et 4 moteurs pour un couple total de 2712 Nm, pr\u00eat pour aller \u00e0 l\u2019assaut des dunes.<\/p>\n<p>Les pr\u00e9parateurs seront aussi de la partie comme <strong>Brabus<\/strong>, connue pour ses cr\u00e9ations ostentatoires sur base de Mercedes Classe G ou classe S par exemple, ainsi que <strong>Klassen<\/strong> artisan du blindage et coutumier des projets de limousines. <strong>Startech<\/strong>, <strong>Cara Paris<\/strong> et <strong>Militem<\/strong> compl\u00e8tent la liste. Le dernier est un savant m\u00e9lange entre base de travail am\u00e9ricaine (Dodge Ram\u2026) et finitions italiennes de haute qualit\u00e9. <strong>Protech Monte-Carlo<\/strong> sera aussi pr\u00e9sent avec ses soins haut de gamme pour les carrosseries de belle facture. <strong>Stajvelo<\/strong>, marque de v\u00e9lo, pr\u00e9sentera un mod\u00e8le \u00e9lectrique de luxe et enfin, le seul repr\u00e9sentant de 2 roues motoris\u00e9, L\u2019atelier du Gentleman, proposera ses services de fabricant de motos sur mesure \u00e0 tout client (fortun\u00e9) au profil singulier.<\/p>\n","protected":false},"excerpt":{"rendered":"<p>Visite du salon Top Marques 2019 \u00e0 Monaco Juste \u00e0 cot\u00e9 du salon, il y a 4 boutiques, Ferrari, McLaren, Aston Martin et Rolls Royce mais le dimanche ces magasins sont ferm\u00e9s, je n&#8217;ai donc rien pu acheter&nbsp;<\/p>\n","protected":false},"author":1,"featured_media":0,"comment_status":"open","ping_status":"open","sticky":false,"template":"","format":"standard","meta":{"wikipediapreview_detectlinks":true,"ngg_post_thumbnail":0,"footnotes":""},"categories":[2,14],"tags":[34,41],"class_list":["post-14334","post","type-post","status-publish","format-standard","hentry","category-ballades","category-technique","tag-exposition","tag-monaco"],"yoast_head":"<!-- This site is optimized with the Yoast SEO plugin v27.4 - https:\/\/yoast.com\/product\/yoast-seo-wordpress\/ -->\n<title>Visite du salon Top Marques 2019 \u00e0 Monaco - Le blog de Sergiodadi<\/title>\n<meta name=\"robots\" content=\"index, follow, max-snippet:-1, max-image-preview:large, max-video-preview:-1\" \/>\n<link rel=\"canonical\" href=\"http:\/\/blog.nojo.fr\/index.php\/2019\/06\/03\/visite-du-salon-top-marques-2019-a-monaco\/\" \/>\n<meta property=\"og:locale\" content=\"fr_FR\" \/>\n<meta property=\"og:type\" content=\"article\" \/>\n<meta property=\"og:title\" content=\"Visite du salon Top Marques 2019 \u00e0 Monaco - Le blog de Sergiodadi\" \/>\n<meta property=\"og:description\" content=\"Visite du salon Top Marques 2019 \u00e0 Monaco Juste \u00e0 cot\u00e9 du salon, il y a 4 boutiques, Ferrari, McLaren, Aston Martin et Rolls Royce mais le dimanche ces magasins sont ferm\u00e9s, je n&#8217;ai donc rien pu acheter&nbsp;\" \/>\n<meta property=\"og:url\" content=\"http:\/\/blog.nojo.fr\/index.php\/2019\/06\/03\/visite-du-salon-top-marques-2019-a-monaco\/\" \/>\n<meta property=\"og:site_name\" content=\"Le blog de Sergiodadi\" \/>\n<meta property=\"article:published_time\" content=\"2019-06-03T14:17:54+00:00\" \/>\n<meta property=\"og:image\" content=\"http:\/\/blog-4.nojo.fr\/wp-content\/uploads\/2019\/06\/fullsizeoutput_8187-227x300.jpeg\" \/>\n<meta name=\"author\" content=\"admin-serge\" \/>\n<meta name=\"twitter:card\" content=\"summary_large_image\" \/>\n<meta name=\"twitter:label1\" content=\"\u00c9crit par\" \/>\n\t<meta name=\"twitter:data1\" content=\"admin-serge\" \/>\n\t<meta name=\"twitter:label2\" content=\"Dur\u00e9e de lecture estim\u00e9e\" \/>\n\t<meta name=\"twitter:data2\" content=\"3 minutes\" \/>\n<script type=\"application\/ld+json\" class=\"yoast-schema-graph\">{\"@context\":\"https:\\\/\\\/schema.org\",\"@graph\":[{\"@type\":\"Article\",\"@id\":\"http:\\\/\\\/blog.nojo.fr\\\/index.php\\\/2019\\\/06\\\/03\\\/visite-du-salon-top-marques-2019-a-monaco\\\/#article\",\"isPartOf\":{\"@id\":\"http:\\\/\\\/blog.nojo.fr\\\/index.php\\\/2019\\\/06\\\/03\\\/visite-du-salon-top-marques-2019-a-monaco\\\/\"},\"author\":{\"name\":\"admin-serge\",\"@id\":\"http:\\\/\\\/blog.nojo.fr\\\/#\\\/schema\\\/person\\\/707d71280d1614570f9444dc005cccd0\"},\"headline\":\"Visite du salon Top Marques 2019 \u00e0 Monaco\",\"datePublished\":\"2019-06-03T14:17:54+00:00\",\"mainEntityOfPage\":{\"@id\":\"http:\\\/\\\/blog.nojo.fr\\\/index.php\\\/2019\\\/06\\\/03\\\/visite-du-salon-top-marques-2019-a-monaco\\\/\"},\"wordCount\":550,\"commentCount\":0,\"image\":{\"@id\":\"http:\\\/\\\/blog.nojo.fr\\\/index.php\\\/2019\\\/06\\\/03\\\/visite-du-salon-top-marques-2019-a-monaco\\\/#primaryimage\"},\"thumbnailUrl\":\"http:\\\/\\\/blog-4.nojo.fr\\\/wp-content\\\/uploads\\\/2019\\\/06\\\/fullsizeoutput_8187-227x300.jpeg\",\"keywords\":[\"Exposition\",\"Monaco\"],\"articleSection\":[\"Balade\",\"Technique\"],\"inLanguage\":\"fr-FR\",\"potentialAction\":[{\"@type\":\"CommentAction\",\"name\":\"Comment\",\"target\":[\"http:\\\/\\\/blog.nojo.fr\\\/index.php\\\/2019\\\/06\\\/03\\\/visite-du-salon-top-marques-2019-a-monaco\\\/#respond\"]}]},{\"@type\":\"WebPage\",\"@id\":\"http:\\\/\\\/blog.nojo.fr\\\/index.php\\\/2019\\\/06\\\/03\\\/visite-du-salon-top-marques-2019-a-monaco\\\/\",\"url\":\"http:\\\/\\\/blog.nojo.fr\\\/index.php\\\/2019\\\/06\\\/03\\\/visite-du-salon-top-marques-2019-a-monaco\\\/\",\"name\":\"Visite du salon Top Marques 2019 \u00e0 Monaco - Le blog de Sergiodadi\",\"isPartOf\":{\"@id\":\"http:\\\/\\\/blog.nojo.fr\\\/#website\"},\"primaryImageOfPage\":{\"@id\":\"http:\\\/\\\/blog.nojo.fr\\\/index.php\\\/2019\\\/06\\\/03\\\/visite-du-salon-top-marques-2019-a-monaco\\\/#primaryimage\"},\"image\":{\"@id\":\"http:\\\/\\\/blog.nojo.fr\\\/index.php\\\/2019\\\/06\\\/03\\\/visite-du-salon-top-marques-2019-a-monaco\\\/#primaryimage\"},\"thumbnailUrl\":\"http:\\\/\\\/blog-4.nojo.fr\\\/wp-content\\\/uploads\\\/2019\\\/06\\\/fullsizeoutput_8187-227x300.jpeg\",\"datePublished\":\"2019-06-03T14:17:54+00:00\",\"author\":{\"@id\":\"http:\\\/\\\/blog.nojo.fr\\\/#\\\/schema\\\/person\\\/707d71280d1614570f9444dc005cccd0\"},\"breadcrumb\":{\"@id\":\"http:\\\/\\\/blog.nojo.fr\\\/index.php\\\/2019\\\/06\\\/03\\\/visite-du-salon-top-marques-2019-a-monaco\\\/#breadcrumb\"},\"inLanguage\":\"fr-FR\",\"potentialAction\":[{\"@type\":\"ReadAction\",\"target\":[\"http:\\\/\\\/blog.nojo.fr\\\/index.php\\\/2019\\\/06\\\/03\\\/visite-du-salon-top-marques-2019-a-monaco\\\/\"]}]},{\"@type\":\"ImageObject\",\"inLanguage\":\"fr-FR\",\"@id\":\"http:\\\/\\\/blog.nojo.fr\\\/index.php\\\/2019\\\/06\\\/03\\\/visite-du-salon-top-marques-2019-a-monaco\\\/#primaryimage\",\"url\":\"http:\\\/\\\/blog-4.nojo.fr\\\/wp-content\\\/uploads\\\/2019\\\/06\\\/fullsizeoutput_8187-227x300.jpeg\",\"contentUrl\":\"http:\\\/\\\/blog-4.nojo.fr\\\/wp-content\\\/uploads\\\/2019\\\/06\\\/fullsizeoutput_8187-227x300.jpeg\"},{\"@type\":\"BreadcrumbList\",\"@id\":\"http:\\\/\\\/blog.nojo.fr\\\/index.php\\\/2019\\\/06\\\/03\\\/visite-du-salon-top-marques-2019-a-monaco\\\/#breadcrumb\",\"itemListElement\":[{\"@type\":\"ListItem\",\"position\":1,\"name\":\"Home\",\"item\":\"http:\\\/\\\/blog.nojo.fr\\\/\"},{\"@type\":\"ListItem\",\"position\":2,\"name\":\"Visite du salon Top Marques 2019 \u00e0 Monaco\"}]},{\"@type\":\"WebSite\",\"@id\":\"http:\\\/\\\/blog.nojo.fr\\\/#website\",\"url\":\"http:\\\/\\\/blog.nojo.fr\\\/\",\"name\":\"Le blog de Sergiodadi\",\"description\":\"Un peu de tout\u2026 Musique, Livres, Amis, Mus\u00e9es, Spectacles\u2026\",\"potentialAction\":[{\"@type\":\"SearchAction\",\"target\":{\"@type\":\"EntryPoint\",\"urlTemplate\":\"http:\\\/\\\/blog.nojo.fr\\\/?s={search_term_string}\"},\"query-input\":{\"@type\":\"PropertyValueSpecification\",\"valueRequired\":true,\"valueName\":\"search_term_string\"}}],\"inLanguage\":\"fr-FR\"},{\"@type\":\"Person\",\"@id\":\"http:\\\/\\\/blog.nojo.fr\\\/#\\\/schema\\\/person\\\/707d71280d1614570f9444dc005cccd0\",\"name\":\"admin-serge\",\"image\":{\"@type\":\"ImageObject\",\"inLanguage\":\"fr-FR\",\"@id\":\"https:\\\/\\\/secure.gravatar.com\\\/avatar\\\/8e91f94c902d837af08d31aa84904cd69aba8327cfda178714a55a31e57dace2?s=96&d=mm&r=g\",\"url\":\"https:\\\/\\\/secure.gravatar.com\\\/avatar\\\/8e91f94c902d837af08d31aa84904cd69aba8327cfda178714a55a31e57dace2?s=96&d=mm&r=g\",\"contentUrl\":\"https:\\\/\\\/secure.gravatar.com\\\/avatar\\\/8e91f94c902d837af08d31aa84904cd69aba8327cfda178714a55a31e57dace2?s=96&d=mm&r=g\",\"caption\":\"admin-serge\"},\"sameAs\":[\"http:\\\/\\\/blog-4.nojo.fr\"],\"url\":\"http:\\\/\\\/blog.nojo.fr\\\/index.php\\\/author\\\/admin-serge\\\/\"}]}<\/script>\n<!-- \/ Yoast SEO plugin. -->","yoast_head_json":{"title":"Visite du salon Top Marques 2019 \u00e0 Monaco - Le blog de Sergiodadi","robots":{"index":"index","follow":"follow","max-snippet":"max-snippet:-1","max-image-preview":"max-image-preview:large","max-video-preview":"max-video-preview:-1"},"canonical":"http:\/\/blog.nojo.fr\/index.php\/2019\/06\/03\/visite-du-salon-top-marques-2019-a-monaco\/","og_locale":"fr_FR","og_type":"article","og_title":"Visite du salon Top Marques 2019 \u00e0 Monaco - Le blog de Sergiodadi","og_description":"Visite du salon Top Marques 2019 \u00e0 Monaco Juste \u00e0 cot\u00e9 du salon, il y a 4 boutiques, Ferrari, McLaren, Aston Martin et Rolls Royce mais le dimanche ces magasins sont ferm\u00e9s, je n&#8217;ai donc rien pu acheter&nbsp;","og_url":"http:\/\/blog.nojo.fr\/index.php\/2019\/06\/03\/visite-du-salon-top-marques-2019-a-monaco\/","og_site_name":"Le blog de Sergiodadi","article_published_time":"2019-06-03T14:17:54+00:00","og_image":[{"url":"http:\/\/blog-4.nojo.fr\/wp-content\/uploads\/2019\/06\/fullsizeoutput_8187-227x300.jpeg","type":"","width":"","height":""}],"author":"admin-serge","twitter_card":"summary_large_image","twitter_misc":{"\u00c9crit par":"admin-serge","Dur\u00e9e de lecture estim\u00e9e":"3 minutes"},"schema":{"@context":"https:\/\/schema.org","@graph":[{"@type":"Article","@id":"http:\/\/blog.nojo.fr\/index.php\/2019\/06\/03\/visite-du-salon-top-marques-2019-a-monaco\/#article","isPartOf":{"@id":"http:\/\/blog.nojo.fr\/index.php\/2019\/06\/03\/visite-du-salon-top-marques-2019-a-monaco\/"},"author":{"name":"admin-serge","@id":"http:\/\/blog.nojo.fr\/#\/schema\/person\/707d71280d1614570f9444dc005cccd0"},"headline":"Visite du salon Top Marques 2019 \u00e0 Monaco","datePublished":"2019-06-03T14:17:54+00:00","mainEntityOfPage":{"@id":"http:\/\/blog.nojo.fr\/index.php\/2019\/06\/03\/visite-du-salon-top-marques-2019-a-monaco\/"},"wordCount":550,"commentCount":0,"image":{"@id":"http:\/\/blog.nojo.fr\/index.php\/2019\/06\/03\/visite-du-salon-top-marques-2019-a-monaco\/#primaryimage"},"thumbnailUrl":"http:\/\/blog-4.nojo.fr\/wp-content\/uploads\/2019\/06\/fullsizeoutput_8187-227x300.jpeg","keywords":["Exposition","Monaco"],"articleSection":["Balade","Technique"],"inLanguage":"fr-FR","potentialAction":[{"@type":"CommentAction","name":"Comment","target":["http:\/\/blog.nojo.fr\/index.php\/2019\/06\/03\/visite-du-salon-top-marques-2019-a-monaco\/#respond"]}]},{"@type":"WebPage","@id":"http:\/\/blog.nojo.fr\/index.php\/2019\/06\/03\/visite-du-salon-top-marques-2019-a-monaco\/","url":"http:\/\/blog.nojo.fr\/index.php\/2019\/06\/03\/visite-du-salon-top-marques-2019-a-monaco\/","name":"Visite du salon Top Marques 2019 \u00e0 Monaco - Le blog de Sergiodadi","isPartOf":{"@id":"http:\/\/blog.nojo.fr\/#website"},"primaryImageOfPage":{"@id":"http:\/\/blog.nojo.fr\/index.php\/2019\/06\/03\/visite-du-salon-top-marques-2019-a-monaco\/#primaryimage"},"image":{"@id":"http:\/\/blog.nojo.fr\/index.php\/2019\/06\/03\/visite-du-salon-top-marques-2019-a-monaco\/#primaryimage"},"thumbnailUrl":"http:\/\/blog-4.nojo.fr\/wp-content\/uploads\/2019\/06\/fullsizeoutput_8187-227x300.jpeg","datePublished":"2019-06-03T14:17:54+00:00","author":{"@id":"http:\/\/blog.nojo.fr\/#\/schema\/person\/707d71280d1614570f9444dc005cccd0"},"breadcrumb":{"@id":"http:\/\/blog.nojo.fr\/index.php\/2019\/06\/03\/visite-du-salon-top-marques-2019-a-monaco\/#breadcrumb"},"inLanguage":"fr-FR","potentialAction":[{"@type":"ReadAction","target":["http:\/\/blog.nojo.fr\/index.php\/2019\/06\/03\/visite-du-salon-top-marques-2019-a-monaco\/"]}]},{"@type":"ImageObject","inLanguage":"fr-FR","@id":"http:\/\/blog.nojo.fr\/index.php\/2019\/06\/03\/visite-du-salon-top-marques-2019-a-monaco\/#primaryimage","url":"http:\/\/blog-4.nojo.fr\/wp-content\/uploads\/2019\/06\/fullsizeoutput_8187-227x300.jpeg","contentUrl":"http:\/\/blog-4.nojo.fr\/wp-content\/uploads\/2019\/06\/fullsizeoutput_8187-227x300.jpeg"},{"@type":"BreadcrumbList","@id":"http:\/\/blog.nojo.fr\/index.php\/2019\/06\/03\/visite-du-salon-top-marques-2019-a-monaco\/#breadcrumb","itemListElement":[{"@type":"ListItem","position":1,"name":"Home","item":"http:\/\/blog.nojo.fr\/"},{"@type":"ListItem","position":2,"name":"Visite du salon Top Marques 2019 \u00e0 Monaco"}]},{"@type":"WebSite","@id":"http:\/\/blog.nojo.fr\/#website","url":"http:\/\/blog.nojo.fr\/","name":"Le blog de Sergiodadi","description":"Un peu de tout\u2026 Musique, Livres, Amis, Mus\u00e9es, Spectacles\u2026","potentialAction":[{"@type":"SearchAction","target":{"@type":"EntryPoint","urlTemplate":"http:\/\/blog.nojo.fr\/?s={search_term_string}"},"query-input":{"@type":"PropertyValueSpecification","valueRequired":true,"valueName":"search_term_string"}}],"inLanguage":"fr-FR"},{"@type":"Person","@id":"http:\/\/blog.nojo.fr\/#\/schema\/person\/707d71280d1614570f9444dc005cccd0","name":"admin-serge","image":{"@type":"ImageObject","inLanguage":"fr-FR","@id":"https:\/\/secure.gravatar.com\/avatar\/8e91f94c902d837af08d31aa84904cd69aba8327cfda178714a55a31e57dace2?s=96&d=mm&r=g","url":"https:\/\/secure.gravatar.com\/avatar\/8e91f94c902d837af08d31aa84904cd69aba8327cfda178714a55a31e57dace2?s=96&d=mm&r=g","contentUrl":"https:\/\/secure.gravatar.com\/avatar\/8e91f94c902d837af08d31aa84904cd69aba8327cfda178714a55a31e57dace2?s=96&d=mm&r=g","caption":"admin-serge"},"sameAs":["http:\/\/blog-4.nojo.fr"],"url":"http:\/\/blog.nojo.fr\/index.php\/author\/admin-serge\/"}]}},"_links":{"self":[{"href":"http:\/\/blog.nojo.fr\/index.php\/wp-json\/wp\/v2\/posts\/14334","targetHints":{"allow":["GET"]}}],"collection":[{"href":"http:\/\/blog.nojo.fr\/index.php\/wp-json\/wp\/v2\/posts"}],"about":[{"href":"http:\/\/blog.nojo.fr\/index.php\/wp-json\/wp\/v2\/types\/post"}],"author":[{"embeddable":true,"href":"http:\/\/blog.nojo.fr\/index.php\/wp-json\/wp\/v2\/users\/1"}],"replies":[{"embeddable":true,"href":"http:\/\/blog.nojo.fr\/index.php\/wp-json\/wp\/v2\/comments?post=14334"}],"version-history":[{"count":0,"href":"http:\/\/blog.nojo.fr\/index.php\/wp-json\/wp\/v2\/posts\/14334\/revisions"}],"wp:attachment":[{"href":"http:\/\/blog.nojo.fr\/index.php\/wp-json\/wp\/v2\/media?parent=14334"}],"wp:term":[{"taxonomy":"category","embeddable":true,"href":"http:\/\/blog.nojo.fr\/index.php\/wp-json\/wp\/v2\/categories?post=14334"},{"taxonomy":"post_tag","embeddable":true,"href":"http:\/\/blog.nojo.fr\/index.php\/wp-json\/wp\/v2\/tags?post=14334"}],"curies":[{"name":"wp","href":"https:\/\/api.w.org\/{rel}","templated":true}]}}