{"id":15680,"date":"2019-09-21T23:43:05","date_gmt":"2019-09-21T23:43:05","guid":{"rendered":"http:\/\/blog.nojo.fr\/?p=15680"},"modified":"2019-09-21T23:43:05","modified_gmt":"2019-09-21T23:43:05","slug":"visite-guidee-de-lancienne-eglise-des-franciscains","status":"publish","type":"post","link":"http:\/\/blog.nojo.fr\/index.php\/2019\/09\/21\/visite-guidee-de-lancienne-eglise-des-franciscains\/","title":{"rendered":"Visite guid\u00e9e de l\u2019ancienne \u00e9glise des franciscains"},"content":{"rendered":"<p><img loading=\"lazy\" decoding=\"async\" class=\"alignnone size-medium wp-image-15697\" src=\"http:\/\/blog-4.nojo.fr\/wp-content\/uploads\/2019\/10\/mxhhNjVLQGmxrvN8PN3KkA-300x225.jpg\" alt=\"Eglise des franciscains de Nice\" width=\"300\" height=\"225\" srcset=\"http:\/\/blog.nojo.fr\/wp-content\/uploads\/2019\/10\/mxhhNjVLQGmxrvN8PN3KkA-300x225.jpg 300w, http:\/\/blog.nojo.fr\/wp-content\/uploads\/2019\/10\/mxhhNjVLQGmxrvN8PN3KkA-1024x768.jpg 1024w, http:\/\/blog.nojo.fr\/wp-content\/uploads\/2019\/10\/mxhhNjVLQGmxrvN8PN3KkA-768x576.jpg 768w, http:\/\/blog.nojo.fr\/wp-content\/uploads\/2019\/10\/mxhhNjVLQGmxrvN8PN3KkA-1536x1152.jpg 1536w, http:\/\/blog.nojo.fr\/wp-content\/uploads\/2019\/10\/mxhhNjVLQGmxrvN8PN3KkA-2048x1536.jpg 2048w, http:\/\/blog.nojo.fr\/wp-content\/uploads\/2019\/10\/mxhhNjVLQGmxrvN8PN3KkA-1568x1176.jpg 1568w\" sizes=\"auto, (max-width: 300px) 100vw, 300px\" \/><\/p>\n<p>Dans le cadre des <strong>journ\u00e9es du patrimoine 2019<\/strong>, visite guid\u00e9e , tr\u00e8s int\u00e9ressante, de l\u2019ancienne \u00e9glise des franciscains .<\/p>\n<p><strong>Ensemble Saint-Fran\u00e7ois, un lieu charg\u00e9 d\u2019histoire<\/strong><br \/>\nDurant le XIIIe si\u00e8cle, des communaut\u00e9s li\u00e9es aux ordres mendiants s\u2019implantent dans l\u2019espace proven\u00e7al. \u00c0 Nice, les Franciscains s\u2019installent de fa\u00e7on certaine d\u00e8s 1250 dans le quartier actuel dit <em>Saint-Fran\u00e7ois<\/em>. D\u2019abord en bordure de la ville m\u00e9di\u00e9vale, situ\u00e9e sur la colline du Ch\u00e2teau, ce quartier va progressivement se d\u00e9velopper autour de la communaut\u00e9 franciscaine jusqu\u2019\u00e0 devenir un p\u00f4le majeur de la ville. Les Franciscains s\u2019organisent autour d\u2019une \u00e9glise et d\u2019un couvent au cours du Moyen \u00c2ge puis de l\u2019\u00e9poque moderne. \u00c0 la fin du XVIe si\u00e8cle, <em>le Palais communal<\/em>, autre organe structurant de la ville, s\u2019installe au contact de l\u2019<em>\u00e9glise Saint-Fran\u00e7ois<\/em>. Il abritera dans ses murs, de 1584 \u00e0 1868, la mairie et les services municipaux. Les deux ensembles construits \u00e9voluent et se transforment progressivement.<\/p>\n<p><!--more--><\/p>\n<p>ngg_shortcode_0_placeholder\u00c0 la R\u00e9volution, le couvent est vendu et conna\u00eet des changements de destination tout comme l\u2019\u00e9glise (caserne, habitat, puis h\u00f4tel, cin\u00e9ma et glaci\u00e8res en interaction avec la bourse du travail) qui ont profond\u00e9ment modifi\u00e9 l\u2019aspect des b\u00e2timents conventuels et de l\u2019\u00e9glise. Le Palais communal, qui reste propri\u00e9t\u00e9 municipale apr\u00e8s le d\u00e9m\u00e9nagement de la mairie en 1868, ne cesse, lui, d\u2019\u00eatre modifi\u00e9 pour enfin \u00eatre confi\u00e9 par la Ville, \u00e0 partir de 1892 et jusqu\u2019aux ann\u00e9es 2000, \u00e0 la <em>Bourse du Travail CGT<\/em>. L\u2019ensemble Saint Fran\u00e7ois est situ\u00e9 dans le p\u00e9rim\u00e8tre du <strong>Plan de Sauvegarde et de Mise en Valeur<\/strong> du secteur sauvegard\u00e9, il sera prochainement class\u00e9 monument historique dans son int\u00e9gralit\u00e9.<\/p>\n<p>Aujourd\u2019hui, seuls le palais communal (Bourse du Travail), le mur Est de l\u2019\u00e9glise, le ch\u0153ur de l\u2019\u00e9glise ainsi que les fondations de l\u2019ensemble sont class\u00e9s monuments historique.<\/p>\n<p><strong>Des fouilles arch\u00e9ologiques pour r\u00e9v\u00e9ler le pass\u00e9<\/strong><br \/>\nLa communaut\u00e9 des franciscains de Nice construit, d\u00e8s le XIIIe si\u00e8cle, une \u00e9glise et des b\u00e2timents conventuels.<br \/>\nAu cours des si\u00e8cles ces b\u00e2timents \u00e9voluent :<br \/>\nL\u2019\u00e9glise originelle est agrandie et vo\u00fbt\u00e9e, des chapelles lat\u00e9rales sont \u00e9difi\u00e9es, le clo\u00eetre est enti\u00e8rement reconstruit dans le courant du XVIIe si\u00e8cle, enfin, l\u2019\u00e9glise est orn\u00e9e<br \/>\nde d\u00e9cors de style baroque au XVIIIe si\u00e8cle.<br \/>\nSi les fa\u00e7ades actuelles ne laissent que tr\u00e8s peu soup\u00e7onner la pr\u00e9sence d\u2019un complexe religieux, de nombreux vestiges m\u00e9di\u00e9vaux et modernes subsistent.<\/p>\n<p>Des fouilles arch\u00e9ologiques, prescrites par le minist\u00e8re de la Culture (Service R\u00e9gional de l\u2019Arch\u00e9ologie DRAC PACA), sont actuellement r\u00e9alis\u00e9es par le service Arch\u00e9ologie de la M\u00e9tropole Nice C\u00f4te d\u2019Azur pour les documenter.<\/p>\n<p><strong>Un lieu unique sur l\u2019histoire de Nice<\/strong><br \/>\nL\u2019ensemble patrimonial Saint-Fran\u00e7ois deviendra un lieu unique d\u00e9di\u00e9 \u00e0 l\u2019histoire, la culture et les traditions ni\u00e7oises<\/p>\n<p>Le Palais communal accueillera ainsi une exposition permanente du moyen \u00e2ge au XVIIIe, l\u2019\u00e9glise des Franciscains deviendra un monumental pour les expositions et des concerts, le couvent proposera 6 niveaux de 200 m\u00b2 d\u2019exposition \u00e9ph\u00e9m\u00e8re et la tour Saint-Fran\u00e7ois sera ouverte au grand public offrant un panorama de 360\u00b0 sur Nice.<\/p>\n","protected":false},"excerpt":{"rendered":"<p>Dans le cadre des journ\u00e9es du patrimoine 2019, visite guid\u00e9e , tr\u00e8s int\u00e9ressante, de l\u2019ancienne \u00e9glise des franciscains . Ensemble Saint-Fran\u00e7ois, un lieu charg\u00e9 d\u2019histoire Durant le XIIIe si\u00e8cle, des communaut\u00e9s li\u00e9es aux ordres mendiants s\u2019implantent dans l\u2019espace proven\u00e7al. \u00c0 Nice, les Franciscains s\u2019installent de fa\u00e7on certaine d\u00e8s 1250 dans le quartier actuel dit Saint-Fran\u00e7ois. [&hellip;]<\/p>\n","protected":false},"author":1,"featured_media":0,"comment_status":"open","ping_status":"open","sticky":false,"template":"","format":"standard","meta":{"wikipediapreview_detectlinks":true,"ngg_post_thumbnail":0,"footnotes":""},"categories":[8],"tags":[36,44],"class_list":["post-15680","post","type-post","status-publish","format-standard","hentry","category-histoire","tag-histoire","tag-nice"],"yoast_head":"<!-- This site is optimized with the Yoast SEO plugin v27.5 - https:\/\/yoast.com\/product\/yoast-seo-wordpress\/ -->\n<title>Visite guid\u00e9e de l\u2019ancienne \u00e9glise des franciscains - Le blog de Sergiodadi<\/title>\n<meta name=\"robots\" content=\"index, follow, max-snippet:-1, max-image-preview:large, max-video-preview:-1\" \/>\n<link rel=\"canonical\" href=\"http:\/\/blog.nojo.fr\/index.php\/2019\/09\/21\/visite-guidee-de-lancienne-eglise-des-franciscains\/\" \/>\n<meta property=\"og:locale\" content=\"fr_FR\" \/>\n<meta property=\"og:type\" content=\"article\" \/>\n<meta property=\"og:title\" content=\"Visite guid\u00e9e de l\u2019ancienne \u00e9glise des franciscains - Le blog de Sergiodadi\" \/>\n<meta property=\"og:description\" content=\"Dans le cadre des journ\u00e9es du patrimoine 2019, visite guid\u00e9e , tr\u00e8s int\u00e9ressante, de l\u2019ancienne \u00e9glise des franciscains . Ensemble Saint-Fran\u00e7ois, un lieu charg\u00e9 d\u2019histoire Durant le XIIIe si\u00e8cle, des communaut\u00e9s li\u00e9es aux ordres mendiants s\u2019implantent dans l\u2019espace proven\u00e7al. \u00c0 Nice, les Franciscains s\u2019installent de fa\u00e7on certaine d\u00e8s 1250 dans le quartier actuel dit Saint-Fran\u00e7ois. [&hellip;]\" \/>\n<meta property=\"og:url\" content=\"http:\/\/blog.nojo.fr\/index.php\/2019\/09\/21\/visite-guidee-de-lancienne-eglise-des-franciscains\/\" \/>\n<meta property=\"og:site_name\" content=\"Le blog de Sergiodadi\" \/>\n<meta property=\"article:published_time\" content=\"2019-09-21T23:43:05+00:00\" \/>\n<meta property=\"og:image\" content=\"http:\/\/blog-4.nojo.fr\/wp-content\/uploads\/2019\/10\/mxhhNjVLQGmxrvN8PN3KkA-300x225.jpg\" \/>\n<meta name=\"author\" content=\"admin-serge\" \/>\n<meta name=\"twitter:card\" content=\"summary_large_image\" \/>\n<meta name=\"twitter:label1\" content=\"\u00c9crit par\" \/>\n\t<meta name=\"twitter:data1\" content=\"admin-serge\" \/>\n\t<meta name=\"twitter:label2\" content=\"Dur\u00e9e de lecture estim\u00e9e\" \/>\n\t<meta name=\"twitter:data2\" content=\"3 minutes\" \/>\n<script type=\"application\/ld+json\" class=\"yoast-schema-graph\">{\"@context\":\"https:\\\/\\\/schema.org\",\"@graph\":[{\"@type\":\"Article\",\"@id\":\"http:\\\/\\\/blog.nojo.fr\\\/index.php\\\/2019\\\/09\\\/21\\\/visite-guidee-de-lancienne-eglise-des-franciscains\\\/#article\",\"isPartOf\":{\"@id\":\"http:\\\/\\\/blog.nojo.fr\\\/index.php\\\/2019\\\/09\\\/21\\\/visite-guidee-de-lancienne-eglise-des-franciscains\\\/\"},\"author\":{\"name\":\"admin-serge\",\"@id\":\"http:\\\/\\\/blog.nojo.fr\\\/#\\\/schema\\\/person\\\/707d71280d1614570f9444dc005cccd0\"},\"headline\":\"Visite guid\u00e9e de l\u2019ancienne \u00e9glise des franciscains\",\"datePublished\":\"2019-09-21T23:43:05+00:00\",\"mainEntityOfPage\":{\"@id\":\"http:\\\/\\\/blog.nojo.fr\\\/index.php\\\/2019\\\/09\\\/21\\\/visite-guidee-de-lancienne-eglise-des-franciscains\\\/\"},\"wordCount\":589,\"commentCount\":0,\"image\":{\"@id\":\"http:\\\/\\\/blog.nojo.fr\\\/index.php\\\/2019\\\/09\\\/21\\\/visite-guidee-de-lancienne-eglise-des-franciscains\\\/#primaryimage\"},\"thumbnailUrl\":\"http:\\\/\\\/blog-4.nojo.fr\\\/wp-content\\\/uploads\\\/2019\\\/10\\\/mxhhNjVLQGmxrvN8PN3KkA-300x225.jpg\",\"keywords\":[\"Histoire\",\"Nice\"],\"articleSection\":[\"Histoire\"],\"inLanguage\":\"fr-FR\",\"potentialAction\":[{\"@type\":\"CommentAction\",\"name\":\"Comment\",\"target\":[\"http:\\\/\\\/blog.nojo.fr\\\/index.php\\\/2019\\\/09\\\/21\\\/visite-guidee-de-lancienne-eglise-des-franciscains\\\/#respond\"]}]},{\"@type\":\"WebPage\",\"@id\":\"http:\\\/\\\/blog.nojo.fr\\\/index.php\\\/2019\\\/09\\\/21\\\/visite-guidee-de-lancienne-eglise-des-franciscains\\\/\",\"url\":\"http:\\\/\\\/blog.nojo.fr\\\/index.php\\\/2019\\\/09\\\/21\\\/visite-guidee-de-lancienne-eglise-des-franciscains\\\/\",\"name\":\"Visite guid\u00e9e de l\u2019ancienne \u00e9glise des franciscains - Le blog de Sergiodadi\",\"isPartOf\":{\"@id\":\"http:\\\/\\\/blog.nojo.fr\\\/#website\"},\"primaryImageOfPage\":{\"@id\":\"http:\\\/\\\/blog.nojo.fr\\\/index.php\\\/2019\\\/09\\\/21\\\/visite-guidee-de-lancienne-eglise-des-franciscains\\\/#primaryimage\"},\"image\":{\"@id\":\"http:\\\/\\\/blog.nojo.fr\\\/index.php\\\/2019\\\/09\\\/21\\\/visite-guidee-de-lancienne-eglise-des-franciscains\\\/#primaryimage\"},\"thumbnailUrl\":\"http:\\\/\\\/blog-4.nojo.fr\\\/wp-content\\\/uploads\\\/2019\\\/10\\\/mxhhNjVLQGmxrvN8PN3KkA-300x225.jpg\",\"datePublished\":\"2019-09-21T23:43:05+00:00\",\"author\":{\"@id\":\"http:\\\/\\\/blog.nojo.fr\\\/#\\\/schema\\\/person\\\/707d71280d1614570f9444dc005cccd0\"},\"breadcrumb\":{\"@id\":\"http:\\\/\\\/blog.nojo.fr\\\/index.php\\\/2019\\\/09\\\/21\\\/visite-guidee-de-lancienne-eglise-des-franciscains\\\/#breadcrumb\"},\"inLanguage\":\"fr-FR\",\"potentialAction\":[{\"@type\":\"ReadAction\",\"target\":[\"http:\\\/\\\/blog.nojo.fr\\\/index.php\\\/2019\\\/09\\\/21\\\/visite-guidee-de-lancienne-eglise-des-franciscains\\\/\"]}]},{\"@type\":\"ImageObject\",\"inLanguage\":\"fr-FR\",\"@id\":\"http:\\\/\\\/blog.nojo.fr\\\/index.php\\\/2019\\\/09\\\/21\\\/visite-guidee-de-lancienne-eglise-des-franciscains\\\/#primaryimage\",\"url\":\"http:\\\/\\\/blog-4.nojo.fr\\\/wp-content\\\/uploads\\\/2019\\\/10\\\/mxhhNjVLQGmxrvN8PN3KkA-300x225.jpg\",\"contentUrl\":\"http:\\\/\\\/blog-4.nojo.fr\\\/wp-content\\\/uploads\\\/2019\\\/10\\\/mxhhNjVLQGmxrvN8PN3KkA-300x225.jpg\"},{\"@type\":\"BreadcrumbList\",\"@id\":\"http:\\\/\\\/blog.nojo.fr\\\/index.php\\\/2019\\\/09\\\/21\\\/visite-guidee-de-lancienne-eglise-des-franciscains\\\/#breadcrumb\",\"itemListElement\":[{\"@type\":\"ListItem\",\"position\":1,\"name\":\"Home\",\"item\":\"http:\\\/\\\/blog.nojo.fr\\\/\"},{\"@type\":\"ListItem\",\"position\":2,\"name\":\"Visite guid\u00e9e de l\u2019ancienne \u00e9glise des franciscains\"}]},{\"@type\":\"WebSite\",\"@id\":\"http:\\\/\\\/blog.nojo.fr\\\/#website\",\"url\":\"http:\\\/\\\/blog.nojo.fr\\\/\",\"name\":\"Le blog de Sergiodadi\",\"description\":\"Un peu de tout\u2026 Musique, Livres, Amis, Mus\u00e9es, Spectacles\u2026\",\"potentialAction\":[{\"@type\":\"SearchAction\",\"target\":{\"@type\":\"EntryPoint\",\"urlTemplate\":\"http:\\\/\\\/blog.nojo.fr\\\/?s={search_term_string}\"},\"query-input\":{\"@type\":\"PropertyValueSpecification\",\"valueRequired\":true,\"valueName\":\"search_term_string\"}}],\"inLanguage\":\"fr-FR\"},{\"@type\":\"Person\",\"@id\":\"http:\\\/\\\/blog.nojo.fr\\\/#\\\/schema\\\/person\\\/707d71280d1614570f9444dc005cccd0\",\"name\":\"admin-serge\",\"image\":{\"@type\":\"ImageObject\",\"inLanguage\":\"fr-FR\",\"@id\":\"https:\\\/\\\/secure.gravatar.com\\\/avatar\\\/8e91f94c902d837af08d31aa84904cd69aba8327cfda178714a55a31e57dace2?s=96&d=mm&r=g\",\"url\":\"https:\\\/\\\/secure.gravatar.com\\\/avatar\\\/8e91f94c902d837af08d31aa84904cd69aba8327cfda178714a55a31e57dace2?s=96&d=mm&r=g\",\"contentUrl\":\"https:\\\/\\\/secure.gravatar.com\\\/avatar\\\/8e91f94c902d837af08d31aa84904cd69aba8327cfda178714a55a31e57dace2?s=96&d=mm&r=g\",\"caption\":\"admin-serge\"},\"sameAs\":[\"http:\\\/\\\/blog-4.nojo.fr\"],\"url\":\"http:\\\/\\\/blog.nojo.fr\\\/index.php\\\/author\\\/admin-serge\\\/\"}]}<\/script>\n<!-- \/ Yoast SEO plugin. -->","yoast_head_json":{"title":"Visite guid\u00e9e de l\u2019ancienne \u00e9glise des franciscains - Le blog de Sergiodadi","robots":{"index":"index","follow":"follow","max-snippet":"max-snippet:-1","max-image-preview":"max-image-preview:large","max-video-preview":"max-video-preview:-1"},"canonical":"http:\/\/blog.nojo.fr\/index.php\/2019\/09\/21\/visite-guidee-de-lancienne-eglise-des-franciscains\/","og_locale":"fr_FR","og_type":"article","og_title":"Visite guid\u00e9e de l\u2019ancienne \u00e9glise des franciscains - Le blog de Sergiodadi","og_description":"Dans le cadre des journ\u00e9es du patrimoine 2019, visite guid\u00e9e , tr\u00e8s int\u00e9ressante, de l\u2019ancienne \u00e9glise des franciscains . Ensemble Saint-Fran\u00e7ois, un lieu charg\u00e9 d\u2019histoire Durant le XIIIe si\u00e8cle, des communaut\u00e9s li\u00e9es aux ordres mendiants s\u2019implantent dans l\u2019espace proven\u00e7al. \u00c0 Nice, les Franciscains s\u2019installent de fa\u00e7on certaine d\u00e8s 1250 dans le quartier actuel dit Saint-Fran\u00e7ois. [&hellip;]","og_url":"http:\/\/blog.nojo.fr\/index.php\/2019\/09\/21\/visite-guidee-de-lancienne-eglise-des-franciscains\/","og_site_name":"Le blog de Sergiodadi","article_published_time":"2019-09-21T23:43:05+00:00","og_image":[{"url":"http:\/\/blog-4.nojo.fr\/wp-content\/uploads\/2019\/10\/mxhhNjVLQGmxrvN8PN3KkA-300x225.jpg","type":"","width":"","height":""}],"author":"admin-serge","twitter_card":"summary_large_image","twitter_misc":{"\u00c9crit par":"admin-serge","Dur\u00e9e de lecture estim\u00e9e":"3 minutes"},"schema":{"@context":"https:\/\/schema.org","@graph":[{"@type":"Article","@id":"http:\/\/blog.nojo.fr\/index.php\/2019\/09\/21\/visite-guidee-de-lancienne-eglise-des-franciscains\/#article","isPartOf":{"@id":"http:\/\/blog.nojo.fr\/index.php\/2019\/09\/21\/visite-guidee-de-lancienne-eglise-des-franciscains\/"},"author":{"name":"admin-serge","@id":"http:\/\/blog.nojo.fr\/#\/schema\/person\/707d71280d1614570f9444dc005cccd0"},"headline":"Visite guid\u00e9e de l\u2019ancienne \u00e9glise des franciscains","datePublished":"2019-09-21T23:43:05+00:00","mainEntityOfPage":{"@id":"http:\/\/blog.nojo.fr\/index.php\/2019\/09\/21\/visite-guidee-de-lancienne-eglise-des-franciscains\/"},"wordCount":589,"commentCount":0,"image":{"@id":"http:\/\/blog.nojo.fr\/index.php\/2019\/09\/21\/visite-guidee-de-lancienne-eglise-des-franciscains\/#primaryimage"},"thumbnailUrl":"http:\/\/blog-4.nojo.fr\/wp-content\/uploads\/2019\/10\/mxhhNjVLQGmxrvN8PN3KkA-300x225.jpg","keywords":["Histoire","Nice"],"articleSection":["Histoire"],"inLanguage":"fr-FR","potentialAction":[{"@type":"CommentAction","name":"Comment","target":["http:\/\/blog.nojo.fr\/index.php\/2019\/09\/21\/visite-guidee-de-lancienne-eglise-des-franciscains\/#respond"]}]},{"@type":"WebPage","@id":"http:\/\/blog.nojo.fr\/index.php\/2019\/09\/21\/visite-guidee-de-lancienne-eglise-des-franciscains\/","url":"http:\/\/blog.nojo.fr\/index.php\/2019\/09\/21\/visite-guidee-de-lancienne-eglise-des-franciscains\/","name":"Visite guid\u00e9e de l\u2019ancienne \u00e9glise des franciscains - Le blog de Sergiodadi","isPartOf":{"@id":"http:\/\/blog.nojo.fr\/#website"},"primaryImageOfPage":{"@id":"http:\/\/blog.nojo.fr\/index.php\/2019\/09\/21\/visite-guidee-de-lancienne-eglise-des-franciscains\/#primaryimage"},"image":{"@id":"http:\/\/blog.nojo.fr\/index.php\/2019\/09\/21\/visite-guidee-de-lancienne-eglise-des-franciscains\/#primaryimage"},"thumbnailUrl":"http:\/\/blog-4.nojo.fr\/wp-content\/uploads\/2019\/10\/mxhhNjVLQGmxrvN8PN3KkA-300x225.jpg","datePublished":"2019-09-21T23:43:05+00:00","author":{"@id":"http:\/\/blog.nojo.fr\/#\/schema\/person\/707d71280d1614570f9444dc005cccd0"},"breadcrumb":{"@id":"http:\/\/blog.nojo.fr\/index.php\/2019\/09\/21\/visite-guidee-de-lancienne-eglise-des-franciscains\/#breadcrumb"},"inLanguage":"fr-FR","potentialAction":[{"@type":"ReadAction","target":["http:\/\/blog.nojo.fr\/index.php\/2019\/09\/21\/visite-guidee-de-lancienne-eglise-des-franciscains\/"]}]},{"@type":"ImageObject","inLanguage":"fr-FR","@id":"http:\/\/blog.nojo.fr\/index.php\/2019\/09\/21\/visite-guidee-de-lancienne-eglise-des-franciscains\/#primaryimage","url":"http:\/\/blog-4.nojo.fr\/wp-content\/uploads\/2019\/10\/mxhhNjVLQGmxrvN8PN3KkA-300x225.jpg","contentUrl":"http:\/\/blog-4.nojo.fr\/wp-content\/uploads\/2019\/10\/mxhhNjVLQGmxrvN8PN3KkA-300x225.jpg"},{"@type":"BreadcrumbList","@id":"http:\/\/blog.nojo.fr\/index.php\/2019\/09\/21\/visite-guidee-de-lancienne-eglise-des-franciscains\/#breadcrumb","itemListElement":[{"@type":"ListItem","position":1,"name":"Home","item":"http:\/\/blog.nojo.fr\/"},{"@type":"ListItem","position":2,"name":"Visite guid\u00e9e de l\u2019ancienne \u00e9glise des franciscains"}]},{"@type":"WebSite","@id":"http:\/\/blog.nojo.fr\/#website","url":"http:\/\/blog.nojo.fr\/","name":"Le blog de Sergiodadi","description":"Un peu de tout\u2026 Musique, Livres, Amis, Mus\u00e9es, Spectacles\u2026","potentialAction":[{"@type":"SearchAction","target":{"@type":"EntryPoint","urlTemplate":"http:\/\/blog.nojo.fr\/?s={search_term_string}"},"query-input":{"@type":"PropertyValueSpecification","valueRequired":true,"valueName":"search_term_string"}}],"inLanguage":"fr-FR"},{"@type":"Person","@id":"http:\/\/blog.nojo.fr\/#\/schema\/person\/707d71280d1614570f9444dc005cccd0","name":"admin-serge","image":{"@type":"ImageObject","inLanguage":"fr-FR","@id":"https:\/\/secure.gravatar.com\/avatar\/8e91f94c902d837af08d31aa84904cd69aba8327cfda178714a55a31e57dace2?s=96&d=mm&r=g","url":"https:\/\/secure.gravatar.com\/avatar\/8e91f94c902d837af08d31aa84904cd69aba8327cfda178714a55a31e57dace2?s=96&d=mm&r=g","contentUrl":"https:\/\/secure.gravatar.com\/avatar\/8e91f94c902d837af08d31aa84904cd69aba8327cfda178714a55a31e57dace2?s=96&d=mm&r=g","caption":"admin-serge"},"sameAs":["http:\/\/blog-4.nojo.fr"],"url":"http:\/\/blog.nojo.fr\/index.php\/author\/admin-serge\/"}]}},"_links":{"self":[{"href":"http:\/\/blog.nojo.fr\/index.php\/wp-json\/wp\/v2\/posts\/15680","targetHints":{"allow":["GET"]}}],"collection":[{"href":"http:\/\/blog.nojo.fr\/index.php\/wp-json\/wp\/v2\/posts"}],"about":[{"href":"http:\/\/blog.nojo.fr\/index.php\/wp-json\/wp\/v2\/types\/post"}],"author":[{"embeddable":true,"href":"http:\/\/blog.nojo.fr\/index.php\/wp-json\/wp\/v2\/users\/1"}],"replies":[{"embeddable":true,"href":"http:\/\/blog.nojo.fr\/index.php\/wp-json\/wp\/v2\/comments?post=15680"}],"version-history":[{"count":0,"href":"http:\/\/blog.nojo.fr\/index.php\/wp-json\/wp\/v2\/posts\/15680\/revisions"}],"wp:attachment":[{"href":"http:\/\/blog.nojo.fr\/index.php\/wp-json\/wp\/v2\/media?parent=15680"}],"wp:term":[{"taxonomy":"category","embeddable":true,"href":"http:\/\/blog.nojo.fr\/index.php\/wp-json\/wp\/v2\/categories?post=15680"},{"taxonomy":"post_tag","embeddable":true,"href":"http:\/\/blog.nojo.fr\/index.php\/wp-json\/wp\/v2\/tags?post=15680"}],"curies":[{"name":"wp","href":"https:\/\/api.w.org\/{rel}","templated":true}]}}