{"id":22535,"date":"2021-07-27T14:04:42","date_gmt":"2021-07-27T12:04:42","guid":{"rendered":"http:\/\/blog.nojo.fr\/?p=22535"},"modified":"2021-07-28T14:04:55","modified_gmt":"2021-07-28T12:04:55","slug":"visite-de-lexposition-sosno-squatte-lantique","status":"publish","type":"post","link":"http:\/\/blog.nojo.fr\/index.php\/2021\/07\/27\/visite-de-lexposition-sosno-squatte-lantique\/","title":{"rendered":"Visite de l&#8217;exposition &#8220;Sosno squatte l\u2019Antique&#8221;"},"content":{"rendered":"<div class=\"kvgmc6g5 cxmmr5t8 oygrvhab hcukyx3x c1et5uql ii04i59q\">\n<div dir=\"auto\"><img loading=\"lazy\" decoding=\"async\" class=\"alignnone size-medium wp-image-22536\" src=\"http:\/\/blog.nojo.fr\/wp-content\/uploads\/2021\/07\/D295A468-57C2-4325-968E-E5B21CCC5A3D-300x225.jpeg\" alt=\"Exposition Sosno\" width=\"300\" height=\"225\" srcset=\"http:\/\/blog.nojo.fr\/wp-content\/uploads\/2021\/07\/D295A468-57C2-4325-968E-E5B21CCC5A3D-300x225.jpeg 300w, http:\/\/blog.nojo.fr\/wp-content\/uploads\/2021\/07\/D295A468-57C2-4325-968E-E5B21CCC5A3D-1024x768.jpeg 1024w, http:\/\/blog.nojo.fr\/wp-content\/uploads\/2021\/07\/D295A468-57C2-4325-968E-E5B21CCC5A3D-768x576.jpeg 768w, http:\/\/blog.nojo.fr\/wp-content\/uploads\/2021\/07\/D295A468-57C2-4325-968E-E5B21CCC5A3D-1536x1152.jpeg 1536w, http:\/\/blog.nojo.fr\/wp-content\/uploads\/2021\/07\/D295A468-57C2-4325-968E-E5B21CCC5A3D-2048x1536.jpeg 2048w, http:\/\/blog.nojo.fr\/wp-content\/uploads\/2021\/07\/D295A468-57C2-4325-968E-E5B21CCC5A3D-624x468.jpeg 624w\" sizes=\"auto, (max-width: 300px) 100vw, 300px\" \/><\/div>\n<div dir=\"auto\">&nbsp;<\/div>\n<div dir=\"auto\">Hier visite de l&#8217;exposition &#8220;<strong>Sosno squatte l\u2019Antique<\/strong>&#8220;.<\/div>\n<\/div>\n<div class=\"o9v6fnle cxmmr5t8 oygrvhab hcukyx3x c1et5uql ii04i59q\">\n<div dir=\"auto\">&nbsp;<\/div>\n<div dir=\"auto\">Exposition exceptionnelle de plus de 70 \u0153uvres de <a href=\"https:\/\/fr.wikipedia.org\/wiki\/Sacha_Sosno\">Sacha SOSNO<\/a>.<\/div>\n<\/div>\n<div class=\"o9v6fnle cxmmr5t8 oygrvhab hcukyx3x c1et5uql ii04i59q\">\n<div dir=\"auto\">&nbsp;<\/div>\n<div dir=\"auto\">La Ville de Nice vous invite \u00e0 d\u00e9couvrir l\u2019exposition-\u00e9v\u00e9nement \u00ab Sosno squatte l\u2019Antique \u00bb au <a href=\"https:\/\/fr.wikipedia.org\/wiki\/Mus%C3%A9e_arch%C3%A9ologique_de_Nice-Cimiez\">Mus\u00e9e d\u2019Arch\u00e9ologie de Nice<\/a> \/ Cimiez.<\/div>\n<\/div>\n<div dir=\"auto\">&nbsp;<\/div>\n<p><!--more--><\/p>\n<div class=\"o9v6fnle cxmmr5t8 oygrvhab hcukyx3x c1et5uql ii04i59q\">\n<div dir=\"auto\">ngg_shortcode_0_placeholder&nbsp;<\/p>\n<p>Artiste reconnu, peintre, photographe, sculpteur et th\u00e9oricien de son propre cheminement artistique, <strong>Sacha SOSNO<\/strong> fait l&#8217;objet de cette grande exposition sur le site antique de l&#8217;ancienne cit\u00e9 de Cemenelum. Plus de 70 \u0153uvres sont ainsi pr\u00e9sent\u00e9es in situ, expos\u00e9es parmi les vestiges romains (mis \u00e0 jour durant les importantes fouilles arch\u00e9ologiques conduites de 1950 \u00e0 1969) et dans les salles du mus\u00e9e.<\/p>\n<\/div>\n<\/div>\n","protected":false},"excerpt":{"rendered":"<p>&nbsp; Hier visite de l&#8217;exposition &#8220;Sosno squatte l\u2019Antique&#8220;. &nbsp; Exposition exceptionnelle de plus de 70 \u0153uvres de Sacha SOSNO. &nbsp; La Ville de Nice vous invite \u00e0 d\u00e9couvrir l\u2019exposition-\u00e9v\u00e9nement \u00ab Sosno squatte l\u2019Antique \u00bb au Mus\u00e9e d\u2019Arch\u00e9ologie de Nice \/ Cimiez. &nbsp;<\/p>\n","protected":false},"author":1,"featured_media":0,"comment_status":"open","ping_status":"open","sticky":false,"template":"","format":"standard","meta":{"wikipediapreview_detectlinks":true,"ngg_post_thumbnail":0,"footnotes":""},"categories":[10],"tags":[34,42,44],"class_list":["post-22535","post","type-post","status-publish","format-standard","hentry","category-musee","tag-exposition","tag-musee","tag-nice"],"yoast_head":"<!-- This site is optimized with the Yoast SEO plugin v27.4 - https:\/\/yoast.com\/product\/yoast-seo-wordpress\/ -->\n<title>Visite de l&#039;exposition &quot;Sosno squatte l\u2019Antique&quot; - Le blog de Sergiodadi<\/title>\n<meta name=\"robots\" content=\"index, follow, max-snippet:-1, max-image-preview:large, max-video-preview:-1\" \/>\n<link rel=\"canonical\" href=\"http:\/\/blog.nojo.fr\/index.php\/2021\/07\/27\/visite-de-lexposition-sosno-squatte-lantique\/\" \/>\n<meta property=\"og:locale\" content=\"fr_FR\" \/>\n<meta property=\"og:type\" content=\"article\" \/>\n<meta property=\"og:title\" content=\"Visite de l&#039;exposition &quot;Sosno squatte l\u2019Antique&quot; - Le blog de Sergiodadi\" \/>\n<meta property=\"og:description\" content=\"&nbsp; Hier visite de l&#8217;exposition &#8220;Sosno squatte l\u2019Antique&#8220;. &nbsp; Exposition exceptionnelle de plus de 70 \u0153uvres de Sacha SOSNO. &nbsp; La Ville de Nice vous invite \u00e0 d\u00e9couvrir l\u2019exposition-\u00e9v\u00e9nement \u00ab Sosno squatte l\u2019Antique \u00bb au Mus\u00e9e d\u2019Arch\u00e9ologie de Nice \/ Cimiez. &nbsp;\" \/>\n<meta property=\"og:url\" content=\"http:\/\/blog.nojo.fr\/index.php\/2021\/07\/27\/visite-de-lexposition-sosno-squatte-lantique\/\" \/>\n<meta property=\"og:site_name\" content=\"Le blog de Sergiodadi\" \/>\n<meta property=\"article:published_time\" content=\"2021-07-27T12:04:42+00:00\" \/>\n<meta property=\"article:modified_time\" content=\"2021-07-28T12:04:55+00:00\" \/>\n<meta property=\"og:image\" content=\"http:\/\/blog.nojo.fr\/wp-content\/uploads\/2021\/07\/D295A468-57C2-4325-968E-E5B21CCC5A3D-300x225.jpeg\" \/>\n<meta name=\"author\" content=\"admin-serge\" \/>\n<meta name=\"twitter:card\" content=\"summary_large_image\" \/>\n<meta name=\"twitter:label1\" content=\"\u00c9crit par\" \/>\n\t<meta name=\"twitter:data1\" content=\"admin-serge\" \/>\n\t<meta name=\"twitter:label2\" content=\"Dur\u00e9e de lecture estim\u00e9e\" \/>\n\t<meta name=\"twitter:data2\" content=\"1 minute\" \/>\n<script type=\"application\/ld+json\" class=\"yoast-schema-graph\">{\"@context\":\"https:\\\/\\\/schema.org\",\"@graph\":[{\"@type\":\"Article\",\"@id\":\"http:\\\/\\\/blog.nojo.fr\\\/index.php\\\/2021\\\/07\\\/27\\\/visite-de-lexposition-sosno-squatte-lantique\\\/#article\",\"isPartOf\":{\"@id\":\"http:\\\/\\\/blog.nojo.fr\\\/index.php\\\/2021\\\/07\\\/27\\\/visite-de-lexposition-sosno-squatte-lantique\\\/\"},\"author\":{\"name\":\"admin-serge\",\"@id\":\"http:\\\/\\\/blog.nojo.fr\\\/#\\\/schema\\\/person\\\/707d71280d1614570f9444dc005cccd0\"},\"headline\":\"Visite de l&#8217;exposition &#8220;Sosno squatte l\u2019Antique&#8221;\",\"datePublished\":\"2021-07-27T12:04:42+00:00\",\"dateModified\":\"2021-07-28T12:04:55+00:00\",\"mainEntityOfPage\":{\"@id\":\"http:\\\/\\\/blog.nojo.fr\\\/index.php\\\/2021\\\/07\\\/27\\\/visite-de-lexposition-sosno-squatte-lantique\\\/\"},\"wordCount\":130,\"commentCount\":0,\"image\":{\"@id\":\"http:\\\/\\\/blog.nojo.fr\\\/index.php\\\/2021\\\/07\\\/27\\\/visite-de-lexposition-sosno-squatte-lantique\\\/#primaryimage\"},\"thumbnailUrl\":\"http:\\\/\\\/blog.nojo.fr\\\/wp-content\\\/uploads\\\/2021\\\/07\\\/D295A468-57C2-4325-968E-E5B21CCC5A3D-300x225.jpeg\",\"keywords\":[\"Exposition\",\"Mus\u00e9e\",\"Nice\"],\"articleSection\":[\"Mus\u00e9e\"],\"inLanguage\":\"fr-FR\",\"potentialAction\":[{\"@type\":\"CommentAction\",\"name\":\"Comment\",\"target\":[\"http:\\\/\\\/blog.nojo.fr\\\/index.php\\\/2021\\\/07\\\/27\\\/visite-de-lexposition-sosno-squatte-lantique\\\/#respond\"]}]},{\"@type\":\"WebPage\",\"@id\":\"http:\\\/\\\/blog.nojo.fr\\\/index.php\\\/2021\\\/07\\\/27\\\/visite-de-lexposition-sosno-squatte-lantique\\\/\",\"url\":\"http:\\\/\\\/blog.nojo.fr\\\/index.php\\\/2021\\\/07\\\/27\\\/visite-de-lexposition-sosno-squatte-lantique\\\/\",\"name\":\"Visite de l'exposition \\\"Sosno squatte l\u2019Antique\\\" - Le blog de Sergiodadi\",\"isPartOf\":{\"@id\":\"http:\\\/\\\/blog.nojo.fr\\\/#website\"},\"primaryImageOfPage\":{\"@id\":\"http:\\\/\\\/blog.nojo.fr\\\/index.php\\\/2021\\\/07\\\/27\\\/visite-de-lexposition-sosno-squatte-lantique\\\/#primaryimage\"},\"image\":{\"@id\":\"http:\\\/\\\/blog.nojo.fr\\\/index.php\\\/2021\\\/07\\\/27\\\/visite-de-lexposition-sosno-squatte-lantique\\\/#primaryimage\"},\"thumbnailUrl\":\"http:\\\/\\\/blog.nojo.fr\\\/wp-content\\\/uploads\\\/2021\\\/07\\\/D295A468-57C2-4325-968E-E5B21CCC5A3D-300x225.jpeg\",\"datePublished\":\"2021-07-27T12:04:42+00:00\",\"dateModified\":\"2021-07-28T12:04:55+00:00\",\"author\":{\"@id\":\"http:\\\/\\\/blog.nojo.fr\\\/#\\\/schema\\\/person\\\/707d71280d1614570f9444dc005cccd0\"},\"breadcrumb\":{\"@id\":\"http:\\\/\\\/blog.nojo.fr\\\/index.php\\\/2021\\\/07\\\/27\\\/visite-de-lexposition-sosno-squatte-lantique\\\/#breadcrumb\"},\"inLanguage\":\"fr-FR\",\"potentialAction\":[{\"@type\":\"ReadAction\",\"target\":[\"http:\\\/\\\/blog.nojo.fr\\\/index.php\\\/2021\\\/07\\\/27\\\/visite-de-lexposition-sosno-squatte-lantique\\\/\"]}]},{\"@type\":\"ImageObject\",\"inLanguage\":\"fr-FR\",\"@id\":\"http:\\\/\\\/blog.nojo.fr\\\/index.php\\\/2021\\\/07\\\/27\\\/visite-de-lexposition-sosno-squatte-lantique\\\/#primaryimage\",\"url\":\"http:\\\/\\\/blog.nojo.fr\\\/wp-content\\\/uploads\\\/2021\\\/07\\\/D295A468-57C2-4325-968E-E5B21CCC5A3D-300x225.jpeg\",\"contentUrl\":\"http:\\\/\\\/blog.nojo.fr\\\/wp-content\\\/uploads\\\/2021\\\/07\\\/D295A468-57C2-4325-968E-E5B21CCC5A3D-300x225.jpeg\"},{\"@type\":\"BreadcrumbList\",\"@id\":\"http:\\\/\\\/blog.nojo.fr\\\/index.php\\\/2021\\\/07\\\/27\\\/visite-de-lexposition-sosno-squatte-lantique\\\/#breadcrumb\",\"itemListElement\":[{\"@type\":\"ListItem\",\"position\":1,\"name\":\"Home\",\"item\":\"http:\\\/\\\/blog.nojo.fr\\\/\"},{\"@type\":\"ListItem\",\"position\":2,\"name\":\"Visite de l&#8217;exposition &#8220;Sosno squatte l\u2019Antique&#8221;\"}]},{\"@type\":\"WebSite\",\"@id\":\"http:\\\/\\\/blog.nojo.fr\\\/#website\",\"url\":\"http:\\\/\\\/blog.nojo.fr\\\/\",\"name\":\"Le blog de Sergiodadi\",\"description\":\"Un peu de tout\u2026 Musique, Livres, Amis, Mus\u00e9es, Spectacles\u2026\",\"potentialAction\":[{\"@type\":\"SearchAction\",\"target\":{\"@type\":\"EntryPoint\",\"urlTemplate\":\"http:\\\/\\\/blog.nojo.fr\\\/?s={search_term_string}\"},\"query-input\":{\"@type\":\"PropertyValueSpecification\",\"valueRequired\":true,\"valueName\":\"search_term_string\"}}],\"inLanguage\":\"fr-FR\"},{\"@type\":\"Person\",\"@id\":\"http:\\\/\\\/blog.nojo.fr\\\/#\\\/schema\\\/person\\\/707d71280d1614570f9444dc005cccd0\",\"name\":\"admin-serge\",\"image\":{\"@type\":\"ImageObject\",\"inLanguage\":\"fr-FR\",\"@id\":\"https:\\\/\\\/secure.gravatar.com\\\/avatar\\\/8e91f94c902d837af08d31aa84904cd69aba8327cfda178714a55a31e57dace2?s=96&d=mm&r=g\",\"url\":\"https:\\\/\\\/secure.gravatar.com\\\/avatar\\\/8e91f94c902d837af08d31aa84904cd69aba8327cfda178714a55a31e57dace2?s=96&d=mm&r=g\",\"contentUrl\":\"https:\\\/\\\/secure.gravatar.com\\\/avatar\\\/8e91f94c902d837af08d31aa84904cd69aba8327cfda178714a55a31e57dace2?s=96&d=mm&r=g\",\"caption\":\"admin-serge\"},\"sameAs\":[\"http:\\\/\\\/blog-4.nojo.fr\"],\"url\":\"http:\\\/\\\/blog.nojo.fr\\\/index.php\\\/author\\\/admin-serge\\\/\"}]}<\/script>\n<!-- \/ Yoast SEO plugin. -->","yoast_head_json":{"title":"Visite de l'exposition \"Sosno squatte l\u2019Antique\" - Le blog de Sergiodadi","robots":{"index":"index","follow":"follow","max-snippet":"max-snippet:-1","max-image-preview":"max-image-preview:large","max-video-preview":"max-video-preview:-1"},"canonical":"http:\/\/blog.nojo.fr\/index.php\/2021\/07\/27\/visite-de-lexposition-sosno-squatte-lantique\/","og_locale":"fr_FR","og_type":"article","og_title":"Visite de l'exposition \"Sosno squatte l\u2019Antique\" - Le blog de Sergiodadi","og_description":"&nbsp; Hier visite de l&#8217;exposition &#8220;Sosno squatte l\u2019Antique&#8220;. &nbsp; Exposition exceptionnelle de plus de 70 \u0153uvres de Sacha SOSNO. &nbsp; La Ville de Nice vous invite \u00e0 d\u00e9couvrir l\u2019exposition-\u00e9v\u00e9nement \u00ab Sosno squatte l\u2019Antique \u00bb au Mus\u00e9e d\u2019Arch\u00e9ologie de Nice \/ Cimiez. &nbsp;","og_url":"http:\/\/blog.nojo.fr\/index.php\/2021\/07\/27\/visite-de-lexposition-sosno-squatte-lantique\/","og_site_name":"Le blog de Sergiodadi","article_published_time":"2021-07-27T12:04:42+00:00","article_modified_time":"2021-07-28T12:04:55+00:00","og_image":[{"url":"http:\/\/blog.nojo.fr\/wp-content\/uploads\/2021\/07\/D295A468-57C2-4325-968E-E5B21CCC5A3D-300x225.jpeg","type":"","width":"","height":""}],"author":"admin-serge","twitter_card":"summary_large_image","twitter_misc":{"\u00c9crit par":"admin-serge","Dur\u00e9e de lecture estim\u00e9e":"1 minute"},"schema":{"@context":"https:\/\/schema.org","@graph":[{"@type":"Article","@id":"http:\/\/blog.nojo.fr\/index.php\/2021\/07\/27\/visite-de-lexposition-sosno-squatte-lantique\/#article","isPartOf":{"@id":"http:\/\/blog.nojo.fr\/index.php\/2021\/07\/27\/visite-de-lexposition-sosno-squatte-lantique\/"},"author":{"name":"admin-serge","@id":"http:\/\/blog.nojo.fr\/#\/schema\/person\/707d71280d1614570f9444dc005cccd0"},"headline":"Visite de l&#8217;exposition &#8220;Sosno squatte l\u2019Antique&#8221;","datePublished":"2021-07-27T12:04:42+00:00","dateModified":"2021-07-28T12:04:55+00:00","mainEntityOfPage":{"@id":"http:\/\/blog.nojo.fr\/index.php\/2021\/07\/27\/visite-de-lexposition-sosno-squatte-lantique\/"},"wordCount":130,"commentCount":0,"image":{"@id":"http:\/\/blog.nojo.fr\/index.php\/2021\/07\/27\/visite-de-lexposition-sosno-squatte-lantique\/#primaryimage"},"thumbnailUrl":"http:\/\/blog.nojo.fr\/wp-content\/uploads\/2021\/07\/D295A468-57C2-4325-968E-E5B21CCC5A3D-300x225.jpeg","keywords":["Exposition","Mus\u00e9e","Nice"],"articleSection":["Mus\u00e9e"],"inLanguage":"fr-FR","potentialAction":[{"@type":"CommentAction","name":"Comment","target":["http:\/\/blog.nojo.fr\/index.php\/2021\/07\/27\/visite-de-lexposition-sosno-squatte-lantique\/#respond"]}]},{"@type":"WebPage","@id":"http:\/\/blog.nojo.fr\/index.php\/2021\/07\/27\/visite-de-lexposition-sosno-squatte-lantique\/","url":"http:\/\/blog.nojo.fr\/index.php\/2021\/07\/27\/visite-de-lexposition-sosno-squatte-lantique\/","name":"Visite de l'exposition \"Sosno squatte l\u2019Antique\" - Le blog de Sergiodadi","isPartOf":{"@id":"http:\/\/blog.nojo.fr\/#website"},"primaryImageOfPage":{"@id":"http:\/\/blog.nojo.fr\/index.php\/2021\/07\/27\/visite-de-lexposition-sosno-squatte-lantique\/#primaryimage"},"image":{"@id":"http:\/\/blog.nojo.fr\/index.php\/2021\/07\/27\/visite-de-lexposition-sosno-squatte-lantique\/#primaryimage"},"thumbnailUrl":"http:\/\/blog.nojo.fr\/wp-content\/uploads\/2021\/07\/D295A468-57C2-4325-968E-E5B21CCC5A3D-300x225.jpeg","datePublished":"2021-07-27T12:04:42+00:00","dateModified":"2021-07-28T12:04:55+00:00","author":{"@id":"http:\/\/blog.nojo.fr\/#\/schema\/person\/707d71280d1614570f9444dc005cccd0"},"breadcrumb":{"@id":"http:\/\/blog.nojo.fr\/index.php\/2021\/07\/27\/visite-de-lexposition-sosno-squatte-lantique\/#breadcrumb"},"inLanguage":"fr-FR","potentialAction":[{"@type":"ReadAction","target":["http:\/\/blog.nojo.fr\/index.php\/2021\/07\/27\/visite-de-lexposition-sosno-squatte-lantique\/"]}]},{"@type":"ImageObject","inLanguage":"fr-FR","@id":"http:\/\/blog.nojo.fr\/index.php\/2021\/07\/27\/visite-de-lexposition-sosno-squatte-lantique\/#primaryimage","url":"http:\/\/blog.nojo.fr\/wp-content\/uploads\/2021\/07\/D295A468-57C2-4325-968E-E5B21CCC5A3D-300x225.jpeg","contentUrl":"http:\/\/blog.nojo.fr\/wp-content\/uploads\/2021\/07\/D295A468-57C2-4325-968E-E5B21CCC5A3D-300x225.jpeg"},{"@type":"BreadcrumbList","@id":"http:\/\/blog.nojo.fr\/index.php\/2021\/07\/27\/visite-de-lexposition-sosno-squatte-lantique\/#breadcrumb","itemListElement":[{"@type":"ListItem","position":1,"name":"Home","item":"http:\/\/blog.nojo.fr\/"},{"@type":"ListItem","position":2,"name":"Visite de l&#8217;exposition &#8220;Sosno squatte l\u2019Antique&#8221;"}]},{"@type":"WebSite","@id":"http:\/\/blog.nojo.fr\/#website","url":"http:\/\/blog.nojo.fr\/","name":"Le blog de Sergiodadi","description":"Un peu de tout\u2026 Musique, Livres, Amis, Mus\u00e9es, Spectacles\u2026","potentialAction":[{"@type":"SearchAction","target":{"@type":"EntryPoint","urlTemplate":"http:\/\/blog.nojo.fr\/?s={search_term_string}"},"query-input":{"@type":"PropertyValueSpecification","valueRequired":true,"valueName":"search_term_string"}}],"inLanguage":"fr-FR"},{"@type":"Person","@id":"http:\/\/blog.nojo.fr\/#\/schema\/person\/707d71280d1614570f9444dc005cccd0","name":"admin-serge","image":{"@type":"ImageObject","inLanguage":"fr-FR","@id":"https:\/\/secure.gravatar.com\/avatar\/8e91f94c902d837af08d31aa84904cd69aba8327cfda178714a55a31e57dace2?s=96&d=mm&r=g","url":"https:\/\/secure.gravatar.com\/avatar\/8e91f94c902d837af08d31aa84904cd69aba8327cfda178714a55a31e57dace2?s=96&d=mm&r=g","contentUrl":"https:\/\/secure.gravatar.com\/avatar\/8e91f94c902d837af08d31aa84904cd69aba8327cfda178714a55a31e57dace2?s=96&d=mm&r=g","caption":"admin-serge"},"sameAs":["http:\/\/blog-4.nojo.fr"],"url":"http:\/\/blog.nojo.fr\/index.php\/author\/admin-serge\/"}]}},"_links":{"self":[{"href":"http:\/\/blog.nojo.fr\/index.php\/wp-json\/wp\/v2\/posts\/22535","targetHints":{"allow":["GET"]}}],"collection":[{"href":"http:\/\/blog.nojo.fr\/index.php\/wp-json\/wp\/v2\/posts"}],"about":[{"href":"http:\/\/blog.nojo.fr\/index.php\/wp-json\/wp\/v2\/types\/post"}],"author":[{"embeddable":true,"href":"http:\/\/blog.nojo.fr\/index.php\/wp-json\/wp\/v2\/users\/1"}],"replies":[{"embeddable":true,"href":"http:\/\/blog.nojo.fr\/index.php\/wp-json\/wp\/v2\/comments?post=22535"}],"version-history":[{"count":2,"href":"http:\/\/blog.nojo.fr\/index.php\/wp-json\/wp\/v2\/posts\/22535\/revisions"}],"predecessor-version":[{"id":22538,"href":"http:\/\/blog.nojo.fr\/index.php\/wp-json\/wp\/v2\/posts\/22535\/revisions\/22538"}],"wp:attachment":[{"href":"http:\/\/blog.nojo.fr\/index.php\/wp-json\/wp\/v2\/media?parent=22535"}],"wp:term":[{"taxonomy":"category","embeddable":true,"href":"http:\/\/blog.nojo.fr\/index.php\/wp-json\/wp\/v2\/categories?post=22535"},{"taxonomy":"post_tag","embeddable":true,"href":"http:\/\/blog.nojo.fr\/index.php\/wp-json\/wp\/v2\/tags?post=22535"}],"curies":[{"name":"wp","href":"https:\/\/api.w.org\/{rel}","templated":true}]}}