{"id":22803,"date":"2021-10-01T19:45:30","date_gmt":"2021-10-01T17:45:30","guid":{"rendered":"http:\/\/blog.nojo.fr\/?p=22803"},"modified":"2021-10-06T10:45:56","modified_gmt":"2021-10-06T08:45:56","slug":"visite-de-lexposition-voyage-musical-au-palais-lascaris","status":"publish","type":"post","link":"http:\/\/blog.nojo.fr\/index.php\/2021\/10\/01\/visite-de-lexposition-voyage-musical-au-palais-lascaris\/","title":{"rendered":"Visite de l&#8217;exposition &#8220;Voyage Musical&#8221; au Palais Lascaris"},"content":{"rendered":"<div class=\"kvgmc6g5 cxmmr5t8 oygrvhab hcukyx3x c1et5uql ii04i59q\">\n<div dir=\"auto\">&nbsp;<\/div>\n<div dir=\"auto\"><img loading=\"lazy\" decoding=\"async\" class=\"alignnone size-medium wp-image-22805\" src=\"http:\/\/blog.nojo.fr\/wp-content\/uploads\/2021\/10\/A6D4BAC6-685A-41A0-9A00-5BCD2107B84C_1_201_a-228x300.jpeg\" alt=\"Exposiiton Voyage musical\" width=\"228\" height=\"300\" srcset=\"http:\/\/blog.nojo.fr\/wp-content\/uploads\/2021\/10\/A6D4BAC6-685A-41A0-9A00-5BCD2107B84C_1_201_a-228x300.jpeg 228w, http:\/\/blog.nojo.fr\/wp-content\/uploads\/2021\/10\/A6D4BAC6-685A-41A0-9A00-5BCD2107B84C_1_201_a-779x1024.jpeg 779w, http:\/\/blog.nojo.fr\/wp-content\/uploads\/2021\/10\/A6D4BAC6-685A-41A0-9A00-5BCD2107B84C_1_201_a-768x1009.jpeg 768w, http:\/\/blog.nojo.fr\/wp-content\/uploads\/2021\/10\/A6D4BAC6-685A-41A0-9A00-5BCD2107B84C_1_201_a-1169x1536.jpeg 1169w, http:\/\/blog.nojo.fr\/wp-content\/uploads\/2021\/10\/A6D4BAC6-685A-41A0-9A00-5BCD2107B84C_1_201_a-1558x2048.jpeg 1558w, http:\/\/blog.nojo.fr\/wp-content\/uploads\/2021\/10\/A6D4BAC6-685A-41A0-9A00-5BCD2107B84C_1_201_a-624x820.jpeg 624w, http:\/\/blog.nojo.fr\/wp-content\/uploads\/2021\/10\/A6D4BAC6-685A-41A0-9A00-5BCD2107B84C_1_201_a-scaled.jpeg 1948w\" sizes=\"auto, (max-width: 228px) 100vw, 228px\" \/><\/div>\n<div dir=\"auto\">&nbsp;<\/div>\n<div dir=\"auto\">Hier visite de l&#8217;exposition &#8220;<em>Voyage Musical<\/em>&#8221; au <a href=\"https:\/\/fr.wikipedia.org\/wiki\/Palais_Lascaris\">Palais Lascaris<\/a>.<\/div>\n<\/div>\n<div class=\"o9v6fnle cxmmr5t8 oygrvhab hcukyx3x c1et5uql ii04i59q\">\n<div dir=\"auto\">En 2019, le <a href=\"https:\/\/fr.wikipedia.org\/wiki\/Palais_Lascaris\">Palais Lascaris<\/a> a re\u00e7u la donation de 21 instruments extra-europ\u00e9ens du musicien Zia Mirabdolbaghi.<\/div>\n<\/div>\n<div dir=\"auto\">&nbsp;<\/div>\n<p><!--more--><\/p>\n<div dir=\"auto\">ngg_shortcode_0_placeholder<\/div>\n<div class=\"o9v6fnle cxmmr5t8 oygrvhab hcukyx3x c1et5uql ii04i59q\">\n<div dir=\"auto\">&nbsp;<\/div>\n<div dir=\"auto\">Cette donation vient compl\u00e9ter la collection d\u2019instruments de musique conserv\u00e9e au <a href=\"https:\/\/fr.wikipedia.org\/wiki\/Palais_Lascaris\">Palais Lascaris<\/a>, consid\u00e9r\u00e9e comme la deuxi\u00e8me collection publique de France, avec plus de 400 instruments, principalement constitu\u00e9e par le pr\u00e9cieux legs d\u2019Antoine Gautier (1904).<\/div>\n<\/div>\n<div class=\"o9v6fnle cxmmr5t8 oygrvhab hcukyx3x c1et5uql ii04i59q\">\n<div dir=\"auto\">Il est aujourd\u2019hui possible de d\u00e9couvrir au Palais Lascaris non seulement de beaux instruments baroques pr\u00e9sent\u00e9s dans les espaces permanents, dont un ensemble d\u2019instruments en provenance d\u2019Asie orientale et d\u2019Afrique mais aussi 21 instruments de cette r\u00e9cente donation, t\u00e9moignages de civilisations plusieurs fois mill\u00e9naires.<\/div>\n<div dir=\"auto\">&nbsp;<\/div>\n<\/div>\n<div class=\"o9v6fnle cxmmr5t8 oygrvhab hcukyx3x c1et5uql ii04i59q\">\n<div dir=\"auto\">Ces instruments appartiennent tous \u00e0 l\u2019aire g\u00e9ographique et culturelle de l\u2019Asie occidentale (de l\u2019Anatolie \u00e0 l\u2019Inde). Ainsi plusieurs d\u2019entre eux proviennent de Turquie, de l\u2019Azerba\u00efdjan, de l\u2019Iran, de l\u2019Afghanistan, de l\u2019Ouzb\u00e9kistan, du Tadjikistan et de l\u2019Inde. Le but du collectionneur, p\u00e9dagogique, \u00e9tait de les faire sonner, montrer les positions de jeu, les timbres, les accords, de donner \u00e0 voir les mati\u00e8res et parler de leur sophistication dans le temps et de leur \u00e9volution en tant qu\u2019instruments fonctionnels. Ils sont par cons\u00e9quent tous en \u00e9tat de jeu.<\/div>\n<div dir=\"auto\">&nbsp;<\/div>\n<\/div>\n<div class=\"o9v6fnle cxmmr5t8 oygrvhab hcukyx3x c1et5uql ii04i59q\">\n<div dir=\"auto\">Le donateur, Zia Mirabdolbaghi<\/div>\n<div dir=\"auto\">Musicien, professeur honoraire du <a href=\"https:\/\/fr.wikipedia.org\/wiki\/Conservatoire_\u00e0_rayonnement_r\u00e9gional_de_Nice\">Conservatoire de Nice<\/a> de 1987 \u00e0 2013, Zia Mirabdolbaghi a acquis lors de nombreux voyages dans diff\u00e9rents pays \u00e0 partir des ann\u00e9es 1980, une s\u00e9rie d\u2019instruments en rapport avec le domaine de ses recherches et sa th\u00e8se centr\u00e9e sur une \u00e9tude comparative d\u2019organologie (en partie publi\u00e9e en 1999 \u00e0 Washington aux Etats Unis). Cette longue p\u00e9riode d\u2019exp\u00e9rience musicale et p\u00e9dagogique fut r\u00e9compens\u00e9e des insignes de Chevalier des Arts et des lettres par le minist\u00e8re de la Culture, en 2010.<\/div>\n<div dir=\"auto\">&nbsp;<\/div>\n<\/div>\n<div class=\"o9v6fnle cxmmr5t8 oygrvhab hcukyx3x c1et5uql ii04i59q\">\n<div dir=\"auto\">Ces instruments ont \u00e9t\u00e9 \u00e9tudi\u00e9s \u00e0 travers une abondante iconographie musicale ; Zia Mirabolbaghi a pratiqu\u00e9 le jeu de plusieurs d\u2019entre eux afin d\u2019\u00e9laborer un argumentaire bas\u00e9 \u00e0 la fois sur une approche th\u00e9orique et une exp\u00e9rience pratique. Il a par ailleurs particip\u00e9 \u00e0 de nombreux festivals et concerts en qualit\u00e9 de musicien invit\u00e9, et r\u00e9cemment en tant que conseiller scientifique pour l\u2019exposition \u00ab B\u00e2ton de pluie, Tambour lunaire \u00bb en 2016 au <a href=\"https:\/\/fr.wikipedia.org\/wiki\/Palais_Lascaris\">Palais Lascaris<\/a>.<\/div>\n<\/div>\n","protected":false},"excerpt":{"rendered":"<p>&nbsp; &nbsp; Hier visite de l&#8217;exposition &#8220;Voyage Musical&#8221; au Palais Lascaris. En 2019, le Palais Lascaris a re\u00e7u la donation de 21 instruments extra-europ\u00e9ens du musicien Zia Mirabdolbaghi. &nbsp;<\/p>\n","protected":false},"author":1,"featured_media":0,"comment_status":"open","ping_status":"open","sticky":false,"template":"","format":"standard","meta":{"wikipediapreview_detectlinks":true,"ngg_post_thumbnail":0,"footnotes":""},"categories":[10],"tags":[],"class_list":["post-22803","post","type-post","status-publish","format-standard","hentry","category-musee"],"yoast_head":"<!-- This site is optimized with the Yoast SEO plugin v27.4 - https:\/\/yoast.com\/product\/yoast-seo-wordpress\/ -->\n<title>Visite de l&#039;exposition &quot;Voyage Musical&quot; au Palais Lascaris - Le blog de Sergiodadi<\/title>\n<meta name=\"robots\" content=\"index, follow, max-snippet:-1, max-image-preview:large, max-video-preview:-1\" \/>\n<link rel=\"canonical\" href=\"http:\/\/blog.nojo.fr\/index.php\/2021\/10\/01\/visite-de-lexposition-voyage-musical-au-palais-lascaris\/\" \/>\n<meta property=\"og:locale\" content=\"fr_FR\" \/>\n<meta property=\"og:type\" content=\"article\" \/>\n<meta property=\"og:title\" content=\"Visite de l&#039;exposition &quot;Voyage Musical&quot; au Palais Lascaris - Le blog de Sergiodadi\" \/>\n<meta property=\"og:description\" content=\"&nbsp; &nbsp; Hier visite de l&#8217;exposition &#8220;Voyage Musical&#8221; au Palais Lascaris. En 2019, le Palais Lascaris a re\u00e7u la donation de 21 instruments extra-europ\u00e9ens du musicien Zia Mirabdolbaghi. &nbsp;\" \/>\n<meta property=\"og:url\" content=\"http:\/\/blog.nojo.fr\/index.php\/2021\/10\/01\/visite-de-lexposition-voyage-musical-au-palais-lascaris\/\" \/>\n<meta property=\"og:site_name\" content=\"Le blog de Sergiodadi\" \/>\n<meta property=\"article:published_time\" content=\"2021-10-01T17:45:30+00:00\" \/>\n<meta property=\"article:modified_time\" content=\"2021-10-06T08:45:56+00:00\" \/>\n<meta property=\"og:image\" content=\"http:\/\/blog.nojo.fr\/wp-content\/uploads\/2021\/10\/A6D4BAC6-685A-41A0-9A00-5BCD2107B84C_1_201_a-228x300.jpeg\" \/>\n<meta name=\"author\" content=\"admin-serge\" \/>\n<meta name=\"twitter:card\" content=\"summary_large_image\" \/>\n<meta name=\"twitter:label1\" content=\"\u00c9crit par\" \/>\n\t<meta name=\"twitter:data1\" content=\"admin-serge\" \/>\n\t<meta name=\"twitter:label2\" content=\"Dur\u00e9e de lecture estim\u00e9e\" \/>\n\t<meta name=\"twitter:data2\" content=\"2 minutes\" \/>\n<script type=\"application\/ld+json\" class=\"yoast-schema-graph\">{\"@context\":\"https:\\\/\\\/schema.org\",\"@graph\":[{\"@type\":\"Article\",\"@id\":\"http:\\\/\\\/blog.nojo.fr\\\/index.php\\\/2021\\\/10\\\/01\\\/visite-de-lexposition-voyage-musical-au-palais-lascaris\\\/#article\",\"isPartOf\":{\"@id\":\"http:\\\/\\\/blog.nojo.fr\\\/index.php\\\/2021\\\/10\\\/01\\\/visite-de-lexposition-voyage-musical-au-palais-lascaris\\\/\"},\"author\":{\"name\":\"admin-serge\",\"@id\":\"http:\\\/\\\/blog.nojo.fr\\\/#\\\/schema\\\/person\\\/707d71280d1614570f9444dc005cccd0\"},\"headline\":\"Visite de l&#8217;exposition &#8220;Voyage Musical&#8221; au Palais Lascaris\",\"datePublished\":\"2021-10-01T17:45:30+00:00\",\"dateModified\":\"2021-10-06T08:45:56+00:00\",\"mainEntityOfPage\":{\"@id\":\"http:\\\/\\\/blog.nojo.fr\\\/index.php\\\/2021\\\/10\\\/01\\\/visite-de-lexposition-voyage-musical-au-palais-lascaris\\\/\"},\"wordCount\":417,\"commentCount\":0,\"image\":{\"@id\":\"http:\\\/\\\/blog.nojo.fr\\\/index.php\\\/2021\\\/10\\\/01\\\/visite-de-lexposition-voyage-musical-au-palais-lascaris\\\/#primaryimage\"},\"thumbnailUrl\":\"http:\\\/\\\/blog.nojo.fr\\\/wp-content\\\/uploads\\\/2021\\\/10\\\/A6D4BAC6-685A-41A0-9A00-5BCD2107B84C_1_201_a-228x300.jpeg\",\"articleSection\":[\"Mus\u00e9e\"],\"inLanguage\":\"fr-FR\",\"potentialAction\":[{\"@type\":\"CommentAction\",\"name\":\"Comment\",\"target\":[\"http:\\\/\\\/blog.nojo.fr\\\/index.php\\\/2021\\\/10\\\/01\\\/visite-de-lexposition-voyage-musical-au-palais-lascaris\\\/#respond\"]}]},{\"@type\":\"WebPage\",\"@id\":\"http:\\\/\\\/blog.nojo.fr\\\/index.php\\\/2021\\\/10\\\/01\\\/visite-de-lexposition-voyage-musical-au-palais-lascaris\\\/\",\"url\":\"http:\\\/\\\/blog.nojo.fr\\\/index.php\\\/2021\\\/10\\\/01\\\/visite-de-lexposition-voyage-musical-au-palais-lascaris\\\/\",\"name\":\"Visite de l'exposition \\\"Voyage Musical\\\" au Palais Lascaris - Le blog de Sergiodadi\",\"isPartOf\":{\"@id\":\"http:\\\/\\\/blog.nojo.fr\\\/#website\"},\"primaryImageOfPage\":{\"@id\":\"http:\\\/\\\/blog.nojo.fr\\\/index.php\\\/2021\\\/10\\\/01\\\/visite-de-lexposition-voyage-musical-au-palais-lascaris\\\/#primaryimage\"},\"image\":{\"@id\":\"http:\\\/\\\/blog.nojo.fr\\\/index.php\\\/2021\\\/10\\\/01\\\/visite-de-lexposition-voyage-musical-au-palais-lascaris\\\/#primaryimage\"},\"thumbnailUrl\":\"http:\\\/\\\/blog.nojo.fr\\\/wp-content\\\/uploads\\\/2021\\\/10\\\/A6D4BAC6-685A-41A0-9A00-5BCD2107B84C_1_201_a-228x300.jpeg\",\"datePublished\":\"2021-10-01T17:45:30+00:00\",\"dateModified\":\"2021-10-06T08:45:56+00:00\",\"author\":{\"@id\":\"http:\\\/\\\/blog.nojo.fr\\\/#\\\/schema\\\/person\\\/707d71280d1614570f9444dc005cccd0\"},\"breadcrumb\":{\"@id\":\"http:\\\/\\\/blog.nojo.fr\\\/index.php\\\/2021\\\/10\\\/01\\\/visite-de-lexposition-voyage-musical-au-palais-lascaris\\\/#breadcrumb\"},\"inLanguage\":\"fr-FR\",\"potentialAction\":[{\"@type\":\"ReadAction\",\"target\":[\"http:\\\/\\\/blog.nojo.fr\\\/index.php\\\/2021\\\/10\\\/01\\\/visite-de-lexposition-voyage-musical-au-palais-lascaris\\\/\"]}]},{\"@type\":\"ImageObject\",\"inLanguage\":\"fr-FR\",\"@id\":\"http:\\\/\\\/blog.nojo.fr\\\/index.php\\\/2021\\\/10\\\/01\\\/visite-de-lexposition-voyage-musical-au-palais-lascaris\\\/#primaryimage\",\"url\":\"http:\\\/\\\/blog.nojo.fr\\\/wp-content\\\/uploads\\\/2021\\\/10\\\/A6D4BAC6-685A-41A0-9A00-5BCD2107B84C_1_201_a-228x300.jpeg\",\"contentUrl\":\"http:\\\/\\\/blog.nojo.fr\\\/wp-content\\\/uploads\\\/2021\\\/10\\\/A6D4BAC6-685A-41A0-9A00-5BCD2107B84C_1_201_a-228x300.jpeg\"},{\"@type\":\"BreadcrumbList\",\"@id\":\"http:\\\/\\\/blog.nojo.fr\\\/index.php\\\/2021\\\/10\\\/01\\\/visite-de-lexposition-voyage-musical-au-palais-lascaris\\\/#breadcrumb\",\"itemListElement\":[{\"@type\":\"ListItem\",\"position\":1,\"name\":\"Home\",\"item\":\"http:\\\/\\\/blog.nojo.fr\\\/\"},{\"@type\":\"ListItem\",\"position\":2,\"name\":\"Visite de l&#8217;exposition &#8220;Voyage Musical&#8221; au Palais Lascaris\"}]},{\"@type\":\"WebSite\",\"@id\":\"http:\\\/\\\/blog.nojo.fr\\\/#website\",\"url\":\"http:\\\/\\\/blog.nojo.fr\\\/\",\"name\":\"Le blog de Sergiodadi\",\"description\":\"Un peu de tout\u2026 Musique, Livres, Amis, Mus\u00e9es, Spectacles\u2026\",\"potentialAction\":[{\"@type\":\"SearchAction\",\"target\":{\"@type\":\"EntryPoint\",\"urlTemplate\":\"http:\\\/\\\/blog.nojo.fr\\\/?s={search_term_string}\"},\"query-input\":{\"@type\":\"PropertyValueSpecification\",\"valueRequired\":true,\"valueName\":\"search_term_string\"}}],\"inLanguage\":\"fr-FR\"},{\"@type\":\"Person\",\"@id\":\"http:\\\/\\\/blog.nojo.fr\\\/#\\\/schema\\\/person\\\/707d71280d1614570f9444dc005cccd0\",\"name\":\"admin-serge\",\"image\":{\"@type\":\"ImageObject\",\"inLanguage\":\"fr-FR\",\"@id\":\"https:\\\/\\\/secure.gravatar.com\\\/avatar\\\/8e91f94c902d837af08d31aa84904cd69aba8327cfda178714a55a31e57dace2?s=96&d=mm&r=g\",\"url\":\"https:\\\/\\\/secure.gravatar.com\\\/avatar\\\/8e91f94c902d837af08d31aa84904cd69aba8327cfda178714a55a31e57dace2?s=96&d=mm&r=g\",\"contentUrl\":\"https:\\\/\\\/secure.gravatar.com\\\/avatar\\\/8e91f94c902d837af08d31aa84904cd69aba8327cfda178714a55a31e57dace2?s=96&d=mm&r=g\",\"caption\":\"admin-serge\"},\"sameAs\":[\"http:\\\/\\\/blog-4.nojo.fr\"],\"url\":\"http:\\\/\\\/blog.nojo.fr\\\/index.php\\\/author\\\/admin-serge\\\/\"}]}<\/script>\n<!-- \/ Yoast SEO plugin. -->","yoast_head_json":{"title":"Visite de l'exposition \"Voyage Musical\" au Palais Lascaris - Le blog de Sergiodadi","robots":{"index":"index","follow":"follow","max-snippet":"max-snippet:-1","max-image-preview":"max-image-preview:large","max-video-preview":"max-video-preview:-1"},"canonical":"http:\/\/blog.nojo.fr\/index.php\/2021\/10\/01\/visite-de-lexposition-voyage-musical-au-palais-lascaris\/","og_locale":"fr_FR","og_type":"article","og_title":"Visite de l'exposition \"Voyage Musical\" au Palais Lascaris - Le blog de Sergiodadi","og_description":"&nbsp; &nbsp; Hier visite de l&#8217;exposition &#8220;Voyage Musical&#8221; au Palais Lascaris. En 2019, le Palais Lascaris a re\u00e7u la donation de 21 instruments extra-europ\u00e9ens du musicien Zia Mirabdolbaghi. &nbsp;","og_url":"http:\/\/blog.nojo.fr\/index.php\/2021\/10\/01\/visite-de-lexposition-voyage-musical-au-palais-lascaris\/","og_site_name":"Le blog de Sergiodadi","article_published_time":"2021-10-01T17:45:30+00:00","article_modified_time":"2021-10-06T08:45:56+00:00","og_image":[{"url":"http:\/\/blog.nojo.fr\/wp-content\/uploads\/2021\/10\/A6D4BAC6-685A-41A0-9A00-5BCD2107B84C_1_201_a-228x300.jpeg","type":"","width":"","height":""}],"author":"admin-serge","twitter_card":"summary_large_image","twitter_misc":{"\u00c9crit par":"admin-serge","Dur\u00e9e de lecture estim\u00e9e":"2 minutes"},"schema":{"@context":"https:\/\/schema.org","@graph":[{"@type":"Article","@id":"http:\/\/blog.nojo.fr\/index.php\/2021\/10\/01\/visite-de-lexposition-voyage-musical-au-palais-lascaris\/#article","isPartOf":{"@id":"http:\/\/blog.nojo.fr\/index.php\/2021\/10\/01\/visite-de-lexposition-voyage-musical-au-palais-lascaris\/"},"author":{"name":"admin-serge","@id":"http:\/\/blog.nojo.fr\/#\/schema\/person\/707d71280d1614570f9444dc005cccd0"},"headline":"Visite de l&#8217;exposition &#8220;Voyage Musical&#8221; au Palais Lascaris","datePublished":"2021-10-01T17:45:30+00:00","dateModified":"2021-10-06T08:45:56+00:00","mainEntityOfPage":{"@id":"http:\/\/blog.nojo.fr\/index.php\/2021\/10\/01\/visite-de-lexposition-voyage-musical-au-palais-lascaris\/"},"wordCount":417,"commentCount":0,"image":{"@id":"http:\/\/blog.nojo.fr\/index.php\/2021\/10\/01\/visite-de-lexposition-voyage-musical-au-palais-lascaris\/#primaryimage"},"thumbnailUrl":"http:\/\/blog.nojo.fr\/wp-content\/uploads\/2021\/10\/A6D4BAC6-685A-41A0-9A00-5BCD2107B84C_1_201_a-228x300.jpeg","articleSection":["Mus\u00e9e"],"inLanguage":"fr-FR","potentialAction":[{"@type":"CommentAction","name":"Comment","target":["http:\/\/blog.nojo.fr\/index.php\/2021\/10\/01\/visite-de-lexposition-voyage-musical-au-palais-lascaris\/#respond"]}]},{"@type":"WebPage","@id":"http:\/\/blog.nojo.fr\/index.php\/2021\/10\/01\/visite-de-lexposition-voyage-musical-au-palais-lascaris\/","url":"http:\/\/blog.nojo.fr\/index.php\/2021\/10\/01\/visite-de-lexposition-voyage-musical-au-palais-lascaris\/","name":"Visite de l'exposition \"Voyage Musical\" au Palais Lascaris - Le blog de Sergiodadi","isPartOf":{"@id":"http:\/\/blog.nojo.fr\/#website"},"primaryImageOfPage":{"@id":"http:\/\/blog.nojo.fr\/index.php\/2021\/10\/01\/visite-de-lexposition-voyage-musical-au-palais-lascaris\/#primaryimage"},"image":{"@id":"http:\/\/blog.nojo.fr\/index.php\/2021\/10\/01\/visite-de-lexposition-voyage-musical-au-palais-lascaris\/#primaryimage"},"thumbnailUrl":"http:\/\/blog.nojo.fr\/wp-content\/uploads\/2021\/10\/A6D4BAC6-685A-41A0-9A00-5BCD2107B84C_1_201_a-228x300.jpeg","datePublished":"2021-10-01T17:45:30+00:00","dateModified":"2021-10-06T08:45:56+00:00","author":{"@id":"http:\/\/blog.nojo.fr\/#\/schema\/person\/707d71280d1614570f9444dc005cccd0"},"breadcrumb":{"@id":"http:\/\/blog.nojo.fr\/index.php\/2021\/10\/01\/visite-de-lexposition-voyage-musical-au-palais-lascaris\/#breadcrumb"},"inLanguage":"fr-FR","potentialAction":[{"@type":"ReadAction","target":["http:\/\/blog.nojo.fr\/index.php\/2021\/10\/01\/visite-de-lexposition-voyage-musical-au-palais-lascaris\/"]}]},{"@type":"ImageObject","inLanguage":"fr-FR","@id":"http:\/\/blog.nojo.fr\/index.php\/2021\/10\/01\/visite-de-lexposition-voyage-musical-au-palais-lascaris\/#primaryimage","url":"http:\/\/blog.nojo.fr\/wp-content\/uploads\/2021\/10\/A6D4BAC6-685A-41A0-9A00-5BCD2107B84C_1_201_a-228x300.jpeg","contentUrl":"http:\/\/blog.nojo.fr\/wp-content\/uploads\/2021\/10\/A6D4BAC6-685A-41A0-9A00-5BCD2107B84C_1_201_a-228x300.jpeg"},{"@type":"BreadcrumbList","@id":"http:\/\/blog.nojo.fr\/index.php\/2021\/10\/01\/visite-de-lexposition-voyage-musical-au-palais-lascaris\/#breadcrumb","itemListElement":[{"@type":"ListItem","position":1,"name":"Home","item":"http:\/\/blog.nojo.fr\/"},{"@type":"ListItem","position":2,"name":"Visite de l&#8217;exposition &#8220;Voyage Musical&#8221; au Palais Lascaris"}]},{"@type":"WebSite","@id":"http:\/\/blog.nojo.fr\/#website","url":"http:\/\/blog.nojo.fr\/","name":"Le blog de Sergiodadi","description":"Un peu de tout\u2026 Musique, Livres, Amis, Mus\u00e9es, Spectacles\u2026","potentialAction":[{"@type":"SearchAction","target":{"@type":"EntryPoint","urlTemplate":"http:\/\/blog.nojo.fr\/?s={search_term_string}"},"query-input":{"@type":"PropertyValueSpecification","valueRequired":true,"valueName":"search_term_string"}}],"inLanguage":"fr-FR"},{"@type":"Person","@id":"http:\/\/blog.nojo.fr\/#\/schema\/person\/707d71280d1614570f9444dc005cccd0","name":"admin-serge","image":{"@type":"ImageObject","inLanguage":"fr-FR","@id":"https:\/\/secure.gravatar.com\/avatar\/8e91f94c902d837af08d31aa84904cd69aba8327cfda178714a55a31e57dace2?s=96&d=mm&r=g","url":"https:\/\/secure.gravatar.com\/avatar\/8e91f94c902d837af08d31aa84904cd69aba8327cfda178714a55a31e57dace2?s=96&d=mm&r=g","contentUrl":"https:\/\/secure.gravatar.com\/avatar\/8e91f94c902d837af08d31aa84904cd69aba8327cfda178714a55a31e57dace2?s=96&d=mm&r=g","caption":"admin-serge"},"sameAs":["http:\/\/blog-4.nojo.fr"],"url":"http:\/\/blog.nojo.fr\/index.php\/author\/admin-serge\/"}]}},"_links":{"self":[{"href":"http:\/\/blog.nojo.fr\/index.php\/wp-json\/wp\/v2\/posts\/22803","targetHints":{"allow":["GET"]}}],"collection":[{"href":"http:\/\/blog.nojo.fr\/index.php\/wp-json\/wp\/v2\/posts"}],"about":[{"href":"http:\/\/blog.nojo.fr\/index.php\/wp-json\/wp\/v2\/types\/post"}],"author":[{"embeddable":true,"href":"http:\/\/blog.nojo.fr\/index.php\/wp-json\/wp\/v2\/users\/1"}],"replies":[{"embeddable":true,"href":"http:\/\/blog.nojo.fr\/index.php\/wp-json\/wp\/v2\/comments?post=22803"}],"version-history":[{"count":2,"href":"http:\/\/blog.nojo.fr\/index.php\/wp-json\/wp\/v2\/posts\/22803\/revisions"}],"predecessor-version":[{"id":22806,"href":"http:\/\/blog.nojo.fr\/index.php\/wp-json\/wp\/v2\/posts\/22803\/revisions\/22806"}],"wp:attachment":[{"href":"http:\/\/blog.nojo.fr\/index.php\/wp-json\/wp\/v2\/media?parent=22803"}],"wp:term":[{"taxonomy":"category","embeddable":true,"href":"http:\/\/blog.nojo.fr\/index.php\/wp-json\/wp\/v2\/categories?post=22803"},{"taxonomy":"post_tag","embeddable":true,"href":"http:\/\/blog.nojo.fr\/index.php\/wp-json\/wp\/v2\/tags?post=22803"}],"curies":[{"name":"wp","href":"https:\/\/api.w.org\/{rel}","templated":true}]}}