{"id":23074,"date":"2022-03-23T17:26:00","date_gmt":"2022-03-23T16:26:00","guid":{"rendered":"http:\/\/blog.nojo.fr\/?p=23074"},"modified":"2022-03-25T17:26:45","modified_gmt":"2022-03-25T16:26:45","slug":"visite-de-lexposition-daniel-spoerri-au-mamac","status":"publish","type":"post","link":"http:\/\/blog.nojo.fr\/index.php\/2022\/03\/23\/visite-de-lexposition-daniel-spoerri-au-mamac\/","title":{"rendered":"Visite de l&#8217;exposition Daniel Spoerri au MAMAC"},"content":{"rendered":"<div class=\"kvgmc6g5 cxmmr5t8 oygrvhab hcukyx3x c1et5uql ii04i59q\">\n<div dir=\"auto\"><img loading=\"lazy\" decoding=\"async\" class=\"alignnone size-medium wp-image-23075\" src=\"http:\/\/blog.nojo.fr\/wp-content\/uploads\/2022\/03\/BE9CA8A4-8272-43B9-9C15-1E23075B7C18-300x225.jpeg\" alt=\"MAMAC\" width=\"300\" height=\"225\" srcset=\"http:\/\/blog.nojo.fr\/wp-content\/uploads\/2022\/03\/BE9CA8A4-8272-43B9-9C15-1E23075B7C18-300x225.jpeg 300w, http:\/\/blog.nojo.fr\/wp-content\/uploads\/2022\/03\/BE9CA8A4-8272-43B9-9C15-1E23075B7C18-1024x768.jpeg 1024w, http:\/\/blog.nojo.fr\/wp-content\/uploads\/2022\/03\/BE9CA8A4-8272-43B9-9C15-1E23075B7C18-768x576.jpeg 768w, http:\/\/blog.nojo.fr\/wp-content\/uploads\/2022\/03\/BE9CA8A4-8272-43B9-9C15-1E23075B7C18-1536x1152.jpeg 1536w, http:\/\/blog.nojo.fr\/wp-content\/uploads\/2022\/03\/BE9CA8A4-8272-43B9-9C15-1E23075B7C18-2048x1536.jpeg 2048w, http:\/\/blog.nojo.fr\/wp-content\/uploads\/2022\/03\/BE9CA8A4-8272-43B9-9C15-1E23075B7C18-624x468.jpeg 624w\" sizes=\"auto, (max-width: 300px) 100vw, 300px\" \/><\/div>\n<\/div>\n<div class=\"cxmmr5t8 oygrvhab hcukyx3x c1et5uql o9v6fnle ii04i59q\">\n<div dir=\"auto\">&nbsp;<\/div>\n<div dir=\"auto\">Pour la premi\u00e8re fois, le <a href=\"https:\/\/fr.wikipedia.org\/wiki\/Mus\u00e9e_d%27Art_moderne_et_d%27Art_contemporain_de_Nice\">MAMAC<\/a> consacre une exposition \u00e0 l\u2019artiste <a href=\"https:\/\/fr.wikipedia.org\/wiki\/Daniel_Spoerri\">Daniel Spoerri<\/a>, membre du Nouveau R\u00e9alisme, proche de Fluxus, initiateur de l\u2019Eat Art.<\/div>\n<div dir=\"auto\">&nbsp;<\/div>\n<div dir=\"auto\">Esquivant la r\u00e9trospective, cette monographie rend compte de la mani\u00e8re dont l\u2019artiste se frotte au hasard, \u00e0 l\u2019anecdote et au d\u00e9risoire, avec comme point de d\u00e9part : l\u2019\u00e9motion. Elle articule les recherches de l\u2019artiste autour d\u2019une nouvelle forme d\u2019art visant \u00e0 d\u00e9passer le champ de la repr\u00e9sentation au profit d\u2019une exp\u00e9rience sensorielle \u00e9largie, participative et collaborative.<\/div>\n<\/div>\n<p><!--more--><\/p>\nngg_shortcode_0_placeholder\n<div class=\"cxmmr5t8 oygrvhab hcukyx3x c1et5uql o9v6fnle ii04i59q\">\n<div dir=\"auto\">&nbsp;<\/div>\n<div dir=\"auto\">Le parcours s\u2019apparente \u00e0 une d\u00e9ambulation aussi surprenante et fascinante que celle d\u2019un th\u00e9\u00e2tre forain avec ses pi\u00e8ges et attrapes, ses cabinets de curiosit\u00e9, et ses banquets. Il offre, avec pr\u00e8s de 300 \u0153uvres et documents, un parcours labyrinthique dans l\u2019art de l\u2019appropriation depuis ses premiers tableaux-pi\u00e8ges jusqu\u2019\u00e0 la cr\u00e9ation de mus\u00e9es insolites en passant par l\u2019art de la table et de la cuisine.<\/div>\n<div dir=\"auto\">&nbsp;<\/div>\n<\/div>\n<div class=\"cxmmr5t8 oygrvhab hcukyx3x c1et5uql o9v6fnle ii04i59q\">\n<div dir=\"auto\">Si les tableaux-pi\u00e8ges de <strong>Daniel Spoerri<\/strong> sont devenus populaires, l\u2019exposition d\u00e9voile un \u00e9clairage novateur du travail de l\u2019artiste. Elle pr\u00e9sente des \u0153uvres et archives historiques majeures sous un angle original ainsi que des travaux moins connus tout aussi pr\u00e9curseurs et passionnants.<\/div>\n<div dir=\"auto\">&nbsp;<\/div>\n<\/div>\n<div class=\"cxmmr5t8 oygrvhab hcukyx3x c1et5uql o9v6fnle ii04i59q\">\n<div dir=\"auto\">Le projet rassemble, sur 1200m2, des pr\u00eats exceptionnels des grandes institutions publiques fran\u00e7aises : le Centre Pompidou-Mus\u00e9e national d\u2019art moderne \u2013 Centre de cr\u00e9ation industrielle ; le Centre National des Arts Plastiques ; le Mus\u00e9e d\u2019Art Moderne de Paris ; le MAC\/VAL-(Mus\u00e9e d\u2019art contemporain du Val-de-Marne). Des pr\u00eats majeurs sont consentis par la Biblioth\u00e8que nationale suisse o\u00f9 sont conserv\u00e9es les archives de l\u2019artiste, ainsi que par des galeries, des fondations et des collectionneurs de France et d\u2019Europe.<\/div>\n<div dir=\"auto\">&nbsp;<\/div>\n<\/div>\n<div class=\"cxmmr5t8 oygrvhab hcukyx3x c1et5uql o9v6fnle ii04i59q\">\n<div dir=\"auto\">L\u2019\u0153uvre monumentale<em> La R\u00e9plique de la Chambre n\u00b0 13 de l\u2019H\u00f4tel Carcassonne<\/em> (1998) est pr\u00e9sent\u00e9e pour la premi\u00e8re fois en France et plusieurs banquets imagin\u00e9s par <strong>Spoerri<\/strong> \u00e0 partir de 1963 sont organis\u00e9s en collaboration avec l\u2019artiste : une belle mani\u00e8re de partager la vitalit\u00e9 de cette \u0153uvre fac\u00e9tieuse !<\/div>\n<\/div>\n","protected":false},"excerpt":{"rendered":"<p>&nbsp; Pour la premi\u00e8re fois, le MAMAC consacre une exposition \u00e0 l\u2019artiste Daniel Spoerri, membre du Nouveau R\u00e9alisme, proche de Fluxus, initiateur de l\u2019Eat Art. &nbsp; Esquivant la r\u00e9trospective, cette monographie rend compte de la mani\u00e8re dont l\u2019artiste se frotte au hasard, \u00e0 l\u2019anecdote et au d\u00e9risoire, avec comme point de d\u00e9part : l\u2019\u00e9motion. Elle [&hellip;]<\/p>\n","protected":false},"author":1,"featured_media":0,"comment_status":"open","ping_status":"open","sticky":false,"template":"","format":"standard","meta":{"wikipediapreview_detectlinks":true,"ngg_post_thumbnail":0,"footnotes":""},"categories":[10],"tags":[34,42,44],"class_list":["post-23074","post","type-post","status-publish","format-standard","hentry","category-musee","tag-exposition","tag-musee","tag-nice"],"yoast_head":"<!-- This site is optimized with the Yoast SEO plugin v27.4 - https:\/\/yoast.com\/product\/yoast-seo-wordpress\/ -->\n<title>Visite de l&#039;exposition Daniel Spoerri au MAMAC - Le blog de Sergiodadi<\/title>\n<meta name=\"robots\" content=\"index, follow, max-snippet:-1, max-image-preview:large, max-video-preview:-1\" \/>\n<link rel=\"canonical\" href=\"http:\/\/blog.nojo.fr\/index.php\/2022\/03\/23\/visite-de-lexposition-daniel-spoerri-au-mamac\/\" \/>\n<meta property=\"og:locale\" content=\"fr_FR\" \/>\n<meta property=\"og:type\" content=\"article\" \/>\n<meta property=\"og:title\" content=\"Visite de l&#039;exposition Daniel Spoerri au MAMAC - Le blog de Sergiodadi\" \/>\n<meta property=\"og:description\" content=\"&nbsp; Pour la premi\u00e8re fois, le MAMAC consacre une exposition \u00e0 l\u2019artiste Daniel Spoerri, membre du Nouveau R\u00e9alisme, proche de Fluxus, initiateur de l\u2019Eat Art. &nbsp; Esquivant la r\u00e9trospective, cette monographie rend compte de la mani\u00e8re dont l\u2019artiste se frotte au hasard, \u00e0 l\u2019anecdote et au d\u00e9risoire, avec comme point de d\u00e9part : l\u2019\u00e9motion. Elle [&hellip;]\" \/>\n<meta property=\"og:url\" content=\"http:\/\/blog.nojo.fr\/index.php\/2022\/03\/23\/visite-de-lexposition-daniel-spoerri-au-mamac\/\" \/>\n<meta property=\"og:site_name\" content=\"Le blog de Sergiodadi\" \/>\n<meta property=\"article:published_time\" content=\"2022-03-23T16:26:00+00:00\" \/>\n<meta property=\"article:modified_time\" content=\"2022-03-25T16:26:45+00:00\" \/>\n<meta property=\"og:image\" content=\"http:\/\/blog.nojo.fr\/wp-content\/uploads\/2022\/03\/BE9CA8A4-8272-43B9-9C15-1E23075B7C18-300x225.jpeg\" \/>\n<meta name=\"author\" content=\"admin-serge\" \/>\n<meta name=\"twitter:card\" content=\"summary_large_image\" \/>\n<meta name=\"twitter:label1\" content=\"\u00c9crit par\" \/>\n\t<meta name=\"twitter:data1\" content=\"admin-serge\" \/>\n\t<meta name=\"twitter:label2\" content=\"Dur\u00e9e de lecture estim\u00e9e\" \/>\n\t<meta name=\"twitter:data2\" content=\"2 minutes\" \/>\n<script type=\"application\/ld+json\" class=\"yoast-schema-graph\">{\"@context\":\"https:\\\/\\\/schema.org\",\"@graph\":[{\"@type\":\"Article\",\"@id\":\"http:\\\/\\\/blog.nojo.fr\\\/index.php\\\/2022\\\/03\\\/23\\\/visite-de-lexposition-daniel-spoerri-au-mamac\\\/#article\",\"isPartOf\":{\"@id\":\"http:\\\/\\\/blog.nojo.fr\\\/index.php\\\/2022\\\/03\\\/23\\\/visite-de-lexposition-daniel-spoerri-au-mamac\\\/\"},\"author\":{\"name\":\"admin-serge\",\"@id\":\"http:\\\/\\\/blog.nojo.fr\\\/#\\\/schema\\\/person\\\/707d71280d1614570f9444dc005cccd0\"},\"headline\":\"Visite de l&#8217;exposition Daniel Spoerri au MAMAC\",\"datePublished\":\"2022-03-23T16:26:00+00:00\",\"dateModified\":\"2022-03-25T16:26:45+00:00\",\"mainEntityOfPage\":{\"@id\":\"http:\\\/\\\/blog.nojo.fr\\\/index.php\\\/2022\\\/03\\\/23\\\/visite-de-lexposition-daniel-spoerri-au-mamac\\\/\"},\"wordCount\":382,\"commentCount\":0,\"image\":{\"@id\":\"http:\\\/\\\/blog.nojo.fr\\\/index.php\\\/2022\\\/03\\\/23\\\/visite-de-lexposition-daniel-spoerri-au-mamac\\\/#primaryimage\"},\"thumbnailUrl\":\"http:\\\/\\\/blog.nojo.fr\\\/wp-content\\\/uploads\\\/2022\\\/03\\\/BE9CA8A4-8272-43B9-9C15-1E23075B7C18-300x225.jpeg\",\"keywords\":[\"Exposition\",\"Mus\u00e9e\",\"Nice\"],\"articleSection\":[\"Mus\u00e9e\"],\"inLanguage\":\"fr-FR\",\"potentialAction\":[{\"@type\":\"CommentAction\",\"name\":\"Comment\",\"target\":[\"http:\\\/\\\/blog.nojo.fr\\\/index.php\\\/2022\\\/03\\\/23\\\/visite-de-lexposition-daniel-spoerri-au-mamac\\\/#respond\"]}]},{\"@type\":\"WebPage\",\"@id\":\"http:\\\/\\\/blog.nojo.fr\\\/index.php\\\/2022\\\/03\\\/23\\\/visite-de-lexposition-daniel-spoerri-au-mamac\\\/\",\"url\":\"http:\\\/\\\/blog.nojo.fr\\\/index.php\\\/2022\\\/03\\\/23\\\/visite-de-lexposition-daniel-spoerri-au-mamac\\\/\",\"name\":\"Visite de l'exposition Daniel Spoerri au MAMAC - Le blog de Sergiodadi\",\"isPartOf\":{\"@id\":\"http:\\\/\\\/blog.nojo.fr\\\/#website\"},\"primaryImageOfPage\":{\"@id\":\"http:\\\/\\\/blog.nojo.fr\\\/index.php\\\/2022\\\/03\\\/23\\\/visite-de-lexposition-daniel-spoerri-au-mamac\\\/#primaryimage\"},\"image\":{\"@id\":\"http:\\\/\\\/blog.nojo.fr\\\/index.php\\\/2022\\\/03\\\/23\\\/visite-de-lexposition-daniel-spoerri-au-mamac\\\/#primaryimage\"},\"thumbnailUrl\":\"http:\\\/\\\/blog.nojo.fr\\\/wp-content\\\/uploads\\\/2022\\\/03\\\/BE9CA8A4-8272-43B9-9C15-1E23075B7C18-300x225.jpeg\",\"datePublished\":\"2022-03-23T16:26:00+00:00\",\"dateModified\":\"2022-03-25T16:26:45+00:00\",\"author\":{\"@id\":\"http:\\\/\\\/blog.nojo.fr\\\/#\\\/schema\\\/person\\\/707d71280d1614570f9444dc005cccd0\"},\"breadcrumb\":{\"@id\":\"http:\\\/\\\/blog.nojo.fr\\\/index.php\\\/2022\\\/03\\\/23\\\/visite-de-lexposition-daniel-spoerri-au-mamac\\\/#breadcrumb\"},\"inLanguage\":\"fr-FR\",\"potentialAction\":[{\"@type\":\"ReadAction\",\"target\":[\"http:\\\/\\\/blog.nojo.fr\\\/index.php\\\/2022\\\/03\\\/23\\\/visite-de-lexposition-daniel-spoerri-au-mamac\\\/\"]}]},{\"@type\":\"ImageObject\",\"inLanguage\":\"fr-FR\",\"@id\":\"http:\\\/\\\/blog.nojo.fr\\\/index.php\\\/2022\\\/03\\\/23\\\/visite-de-lexposition-daniel-spoerri-au-mamac\\\/#primaryimage\",\"url\":\"http:\\\/\\\/blog.nojo.fr\\\/wp-content\\\/uploads\\\/2022\\\/03\\\/BE9CA8A4-8272-43B9-9C15-1E23075B7C18-300x225.jpeg\",\"contentUrl\":\"http:\\\/\\\/blog.nojo.fr\\\/wp-content\\\/uploads\\\/2022\\\/03\\\/BE9CA8A4-8272-43B9-9C15-1E23075B7C18-300x225.jpeg\"},{\"@type\":\"BreadcrumbList\",\"@id\":\"http:\\\/\\\/blog.nojo.fr\\\/index.php\\\/2022\\\/03\\\/23\\\/visite-de-lexposition-daniel-spoerri-au-mamac\\\/#breadcrumb\",\"itemListElement\":[{\"@type\":\"ListItem\",\"position\":1,\"name\":\"Home\",\"item\":\"http:\\\/\\\/blog.nojo.fr\\\/\"},{\"@type\":\"ListItem\",\"position\":2,\"name\":\"Visite de l&#8217;exposition Daniel Spoerri au MAMAC\"}]},{\"@type\":\"WebSite\",\"@id\":\"http:\\\/\\\/blog.nojo.fr\\\/#website\",\"url\":\"http:\\\/\\\/blog.nojo.fr\\\/\",\"name\":\"Le blog de Sergiodadi\",\"description\":\"Un peu de tout\u2026 Musique, Livres, Amis, Mus\u00e9es, Spectacles\u2026\",\"potentialAction\":[{\"@type\":\"SearchAction\",\"target\":{\"@type\":\"EntryPoint\",\"urlTemplate\":\"http:\\\/\\\/blog.nojo.fr\\\/?s={search_term_string}\"},\"query-input\":{\"@type\":\"PropertyValueSpecification\",\"valueRequired\":true,\"valueName\":\"search_term_string\"}}],\"inLanguage\":\"fr-FR\"},{\"@type\":\"Person\",\"@id\":\"http:\\\/\\\/blog.nojo.fr\\\/#\\\/schema\\\/person\\\/707d71280d1614570f9444dc005cccd0\",\"name\":\"admin-serge\",\"image\":{\"@type\":\"ImageObject\",\"inLanguage\":\"fr-FR\",\"@id\":\"https:\\\/\\\/secure.gravatar.com\\\/avatar\\\/8e91f94c902d837af08d31aa84904cd69aba8327cfda178714a55a31e57dace2?s=96&d=mm&r=g\",\"url\":\"https:\\\/\\\/secure.gravatar.com\\\/avatar\\\/8e91f94c902d837af08d31aa84904cd69aba8327cfda178714a55a31e57dace2?s=96&d=mm&r=g\",\"contentUrl\":\"https:\\\/\\\/secure.gravatar.com\\\/avatar\\\/8e91f94c902d837af08d31aa84904cd69aba8327cfda178714a55a31e57dace2?s=96&d=mm&r=g\",\"caption\":\"admin-serge\"},\"sameAs\":[\"http:\\\/\\\/blog-4.nojo.fr\"],\"url\":\"http:\\\/\\\/blog.nojo.fr\\\/index.php\\\/author\\\/admin-serge\\\/\"}]}<\/script>\n<!-- \/ Yoast SEO plugin. -->","yoast_head_json":{"title":"Visite de l'exposition Daniel Spoerri au MAMAC - Le blog de Sergiodadi","robots":{"index":"index","follow":"follow","max-snippet":"max-snippet:-1","max-image-preview":"max-image-preview:large","max-video-preview":"max-video-preview:-1"},"canonical":"http:\/\/blog.nojo.fr\/index.php\/2022\/03\/23\/visite-de-lexposition-daniel-spoerri-au-mamac\/","og_locale":"fr_FR","og_type":"article","og_title":"Visite de l'exposition Daniel Spoerri au MAMAC - Le blog de Sergiodadi","og_description":"&nbsp; Pour la premi\u00e8re fois, le MAMAC consacre une exposition \u00e0 l\u2019artiste Daniel Spoerri, membre du Nouveau R\u00e9alisme, proche de Fluxus, initiateur de l\u2019Eat Art. &nbsp; Esquivant la r\u00e9trospective, cette monographie rend compte de la mani\u00e8re dont l\u2019artiste se frotte au hasard, \u00e0 l\u2019anecdote et au d\u00e9risoire, avec comme point de d\u00e9part : l\u2019\u00e9motion. Elle [&hellip;]","og_url":"http:\/\/blog.nojo.fr\/index.php\/2022\/03\/23\/visite-de-lexposition-daniel-spoerri-au-mamac\/","og_site_name":"Le blog de Sergiodadi","article_published_time":"2022-03-23T16:26:00+00:00","article_modified_time":"2022-03-25T16:26:45+00:00","og_image":[{"url":"http:\/\/blog.nojo.fr\/wp-content\/uploads\/2022\/03\/BE9CA8A4-8272-43B9-9C15-1E23075B7C18-300x225.jpeg","type":"","width":"","height":""}],"author":"admin-serge","twitter_card":"summary_large_image","twitter_misc":{"\u00c9crit par":"admin-serge","Dur\u00e9e de lecture estim\u00e9e":"2 minutes"},"schema":{"@context":"https:\/\/schema.org","@graph":[{"@type":"Article","@id":"http:\/\/blog.nojo.fr\/index.php\/2022\/03\/23\/visite-de-lexposition-daniel-spoerri-au-mamac\/#article","isPartOf":{"@id":"http:\/\/blog.nojo.fr\/index.php\/2022\/03\/23\/visite-de-lexposition-daniel-spoerri-au-mamac\/"},"author":{"name":"admin-serge","@id":"http:\/\/blog.nojo.fr\/#\/schema\/person\/707d71280d1614570f9444dc005cccd0"},"headline":"Visite de l&#8217;exposition Daniel Spoerri au MAMAC","datePublished":"2022-03-23T16:26:00+00:00","dateModified":"2022-03-25T16:26:45+00:00","mainEntityOfPage":{"@id":"http:\/\/blog.nojo.fr\/index.php\/2022\/03\/23\/visite-de-lexposition-daniel-spoerri-au-mamac\/"},"wordCount":382,"commentCount":0,"image":{"@id":"http:\/\/blog.nojo.fr\/index.php\/2022\/03\/23\/visite-de-lexposition-daniel-spoerri-au-mamac\/#primaryimage"},"thumbnailUrl":"http:\/\/blog.nojo.fr\/wp-content\/uploads\/2022\/03\/BE9CA8A4-8272-43B9-9C15-1E23075B7C18-300x225.jpeg","keywords":["Exposition","Mus\u00e9e","Nice"],"articleSection":["Mus\u00e9e"],"inLanguage":"fr-FR","potentialAction":[{"@type":"CommentAction","name":"Comment","target":["http:\/\/blog.nojo.fr\/index.php\/2022\/03\/23\/visite-de-lexposition-daniel-spoerri-au-mamac\/#respond"]}]},{"@type":"WebPage","@id":"http:\/\/blog.nojo.fr\/index.php\/2022\/03\/23\/visite-de-lexposition-daniel-spoerri-au-mamac\/","url":"http:\/\/blog.nojo.fr\/index.php\/2022\/03\/23\/visite-de-lexposition-daniel-spoerri-au-mamac\/","name":"Visite de l'exposition Daniel Spoerri au MAMAC - Le blog de Sergiodadi","isPartOf":{"@id":"http:\/\/blog.nojo.fr\/#website"},"primaryImageOfPage":{"@id":"http:\/\/blog.nojo.fr\/index.php\/2022\/03\/23\/visite-de-lexposition-daniel-spoerri-au-mamac\/#primaryimage"},"image":{"@id":"http:\/\/blog.nojo.fr\/index.php\/2022\/03\/23\/visite-de-lexposition-daniel-spoerri-au-mamac\/#primaryimage"},"thumbnailUrl":"http:\/\/blog.nojo.fr\/wp-content\/uploads\/2022\/03\/BE9CA8A4-8272-43B9-9C15-1E23075B7C18-300x225.jpeg","datePublished":"2022-03-23T16:26:00+00:00","dateModified":"2022-03-25T16:26:45+00:00","author":{"@id":"http:\/\/blog.nojo.fr\/#\/schema\/person\/707d71280d1614570f9444dc005cccd0"},"breadcrumb":{"@id":"http:\/\/blog.nojo.fr\/index.php\/2022\/03\/23\/visite-de-lexposition-daniel-spoerri-au-mamac\/#breadcrumb"},"inLanguage":"fr-FR","potentialAction":[{"@type":"ReadAction","target":["http:\/\/blog.nojo.fr\/index.php\/2022\/03\/23\/visite-de-lexposition-daniel-spoerri-au-mamac\/"]}]},{"@type":"ImageObject","inLanguage":"fr-FR","@id":"http:\/\/blog.nojo.fr\/index.php\/2022\/03\/23\/visite-de-lexposition-daniel-spoerri-au-mamac\/#primaryimage","url":"http:\/\/blog.nojo.fr\/wp-content\/uploads\/2022\/03\/BE9CA8A4-8272-43B9-9C15-1E23075B7C18-300x225.jpeg","contentUrl":"http:\/\/blog.nojo.fr\/wp-content\/uploads\/2022\/03\/BE9CA8A4-8272-43B9-9C15-1E23075B7C18-300x225.jpeg"},{"@type":"BreadcrumbList","@id":"http:\/\/blog.nojo.fr\/index.php\/2022\/03\/23\/visite-de-lexposition-daniel-spoerri-au-mamac\/#breadcrumb","itemListElement":[{"@type":"ListItem","position":1,"name":"Home","item":"http:\/\/blog.nojo.fr\/"},{"@type":"ListItem","position":2,"name":"Visite de l&#8217;exposition Daniel Spoerri au MAMAC"}]},{"@type":"WebSite","@id":"http:\/\/blog.nojo.fr\/#website","url":"http:\/\/blog.nojo.fr\/","name":"Le blog de Sergiodadi","description":"Un peu de tout\u2026 Musique, Livres, Amis, Mus\u00e9es, Spectacles\u2026","potentialAction":[{"@type":"SearchAction","target":{"@type":"EntryPoint","urlTemplate":"http:\/\/blog.nojo.fr\/?s={search_term_string}"},"query-input":{"@type":"PropertyValueSpecification","valueRequired":true,"valueName":"search_term_string"}}],"inLanguage":"fr-FR"},{"@type":"Person","@id":"http:\/\/blog.nojo.fr\/#\/schema\/person\/707d71280d1614570f9444dc005cccd0","name":"admin-serge","image":{"@type":"ImageObject","inLanguage":"fr-FR","@id":"https:\/\/secure.gravatar.com\/avatar\/8e91f94c902d837af08d31aa84904cd69aba8327cfda178714a55a31e57dace2?s=96&d=mm&r=g","url":"https:\/\/secure.gravatar.com\/avatar\/8e91f94c902d837af08d31aa84904cd69aba8327cfda178714a55a31e57dace2?s=96&d=mm&r=g","contentUrl":"https:\/\/secure.gravatar.com\/avatar\/8e91f94c902d837af08d31aa84904cd69aba8327cfda178714a55a31e57dace2?s=96&d=mm&r=g","caption":"admin-serge"},"sameAs":["http:\/\/blog-4.nojo.fr"],"url":"http:\/\/blog.nojo.fr\/index.php\/author\/admin-serge\/"}]}},"_links":{"self":[{"href":"http:\/\/blog.nojo.fr\/index.php\/wp-json\/wp\/v2\/posts\/23074","targetHints":{"allow":["GET"]}}],"collection":[{"href":"http:\/\/blog.nojo.fr\/index.php\/wp-json\/wp\/v2\/posts"}],"about":[{"href":"http:\/\/blog.nojo.fr\/index.php\/wp-json\/wp\/v2\/types\/post"}],"author":[{"embeddable":true,"href":"http:\/\/blog.nojo.fr\/index.php\/wp-json\/wp\/v2\/users\/1"}],"replies":[{"embeddable":true,"href":"http:\/\/blog.nojo.fr\/index.php\/wp-json\/wp\/v2\/comments?post=23074"}],"version-history":[{"count":2,"href":"http:\/\/blog.nojo.fr\/index.php\/wp-json\/wp\/v2\/posts\/23074\/revisions"}],"predecessor-version":[{"id":23077,"href":"http:\/\/blog.nojo.fr\/index.php\/wp-json\/wp\/v2\/posts\/23074\/revisions\/23077"}],"wp:attachment":[{"href":"http:\/\/blog.nojo.fr\/index.php\/wp-json\/wp\/v2\/media?parent=23074"}],"wp:term":[{"taxonomy":"category","embeddable":true,"href":"http:\/\/blog.nojo.fr\/index.php\/wp-json\/wp\/v2\/categories?post=23074"},{"taxonomy":"post_tag","embeddable":true,"href":"http:\/\/blog.nojo.fr\/index.php\/wp-json\/wp\/v2\/tags?post=23074"}],"curies":[{"name":"wp","href":"https:\/\/api.w.org\/{rel}","templated":true}]}}