{"id":23258,"date":"2022-06-18T23:14:40","date_gmt":"2022-06-18T21:14:40","guid":{"rendered":"http:\/\/blog.nojo.fr\/?p=23258"},"modified":"2022-06-21T09:15:16","modified_gmt":"2022-06-21T07:15:16","slug":"concert-du-big-band-du-conservatoire-de-nice-et-andrea-balducci","status":"publish","type":"post","link":"http:\/\/blog.nojo.fr\/index.php\/2022\/06\/18\/concert-du-big-band-du-conservatoire-de-nice-et-andrea-balducci\/","title":{"rendered":"Concert du Big Band du conservatoire de Nice et Andr\u00e9a Balducci"},"content":{"rendered":"<div class=\"kvgmc6g5 cxmmr5t8 oygrvhab hcukyx3x c1et5uql ii04i59q\">\n<div dir=\"auto\"><img loading=\"lazy\" decoding=\"async\" class=\"alignnone size-medium wp-image-23259\" src=\"http:\/\/blog.nojo.fr\/wp-content\/uploads\/2022\/06\/51AA1766-46CC-4FE0-8980-99CA889693F7_1_201_a-238x300.jpeg\" alt=\"Andrea Balducci\" width=\"238\" height=\"300\" srcset=\"http:\/\/blog.nojo.fr\/wp-content\/uploads\/2022\/06\/51AA1766-46CC-4FE0-8980-99CA889693F7_1_201_a-238x300.jpeg 238w, http:\/\/blog.nojo.fr\/wp-content\/uploads\/2022\/06\/51AA1766-46CC-4FE0-8980-99CA889693F7_1_201_a-812x1024.jpeg 812w, http:\/\/blog.nojo.fr\/wp-content\/uploads\/2022\/06\/51AA1766-46CC-4FE0-8980-99CA889693F7_1_201_a-768x969.jpeg 768w, http:\/\/blog.nojo.fr\/wp-content\/uploads\/2022\/06\/51AA1766-46CC-4FE0-8980-99CA889693F7_1_201_a-1218x1536.jpeg 1218w, http:\/\/blog.nojo.fr\/wp-content\/uploads\/2022\/06\/51AA1766-46CC-4FE0-8980-99CA889693F7_1_201_a-1624x2048.jpeg 1624w, http:\/\/blog.nojo.fr\/wp-content\/uploads\/2022\/06\/51AA1766-46CC-4FE0-8980-99CA889693F7_1_201_a-624x787.jpeg 624w, http:\/\/blog.nojo.fr\/wp-content\/uploads\/2022\/06\/51AA1766-46CC-4FE0-8980-99CA889693F7_1_201_a.jpeg 1689w\" sizes=\"auto, (max-width: 238px) 100vw, 238px\" \/><\/div>\n<div dir=\"auto\">&nbsp;<\/div>\n<div dir=\"auto\">Excellente soir\u00e9e samedi soir.&nbsp;<span style=\"font-size: 1rem;\">&#8220;Un saut dans l&#8217;\u00e2ge d&#8217;or du swing&#8221;, Samedi 18 Juin \u00e0 21h, avec le <a href=\"https:\/\/www.conservatoire-nice.org\/index.php?rubrique=conservatoire&amp;page=ensembles\">big band du conservatoire de Nice<\/a> &amp; <a href=\"https:\/\/www.discogs.com\/fr\/artist\/2830600-Andrea-Balducci\">Andr\u00e9a Balducci<\/a>.<\/span><\/div>\n<div dir=\"auto\">&nbsp;<\/div>\n<\/div>\n<div class=\"cxmmr5t8 oygrvhab hcukyx3x c1et5uql o9v6fnle ii04i59q\">\n<div dir=\"auto\">Hommage \u00e0 <a href=\"https:\/\/fr.wikipedia.org\/wiki\/Frank_Sinatra\">Frank Sinatra<\/a>, <a href=\"https:\/\/fr.wikipedia.org\/wiki\/Sammy_Davis,_Jr.\">Sammy Davis Jr<\/a>. et <a href=\"https:\/\/fr.wikipedia.org\/wiki\/Dean_Martin\">Dean Martin<\/a>.<\/div>\n<div dir=\"auto\">&nbsp;<\/div>\n<div dir=\"auto\">A la fin des ann\u00e9es 50, le terme<a href=\"https:\/\/fr.wikipedia.org\/wiki\/The_Rat_Pack\"> Rat Pack<\/a> est utilis\u00e9 pour d\u00e9signer un groupe d&#8217;amis \u00e0 Hollywood, form\u00e9 autour de Frank Sinatra, Dean Martin, Davis Jr., Peter Lawford et Joey Bishop.<\/div>\n<\/div>\n<p><!--more--><\/p>\n<div class=\"cxmmr5t8 oygrvhab hcukyx3x c1et5uql o9v6fnle ii04i59q\">\n<div dir=\"auto\">ngg_shortcode_0_placeholderLe<a href=\"https:\/\/fr.wikipedia.org\/wiki\/The_Rat_Pack\"> Rat Pack<\/a> devient ensuite un groupe de musiciens form\u00e9 entre autre de Sinatra, Davis Jr. et Martin, connu pour ses concerts \u00e0 guichets ferm\u00e9s.<\/div>\n<div dir=\"auto\">&nbsp;<\/div>\n<\/div>\n<div class=\"cxmmr5t8 oygrvhab hcukyx3x c1et5uql o9v6fnle ii04i59q\">\n<div dir=\"auto\">L&#8217;italo-am\u00e9ricain rend hommage \u00e0 ces trois crooners devenus immortels, sous la direction de Marco Vezzozo.<\/div>\n<\/div>\n","protected":false},"excerpt":{"rendered":"<p>&nbsp; Excellente soir\u00e9e samedi soir.&nbsp;&#8220;Un saut dans l&#8217;\u00e2ge d&#8217;or du swing&#8221;, Samedi 18 Juin \u00e0 21h, avec le big band du conservatoire de Nice &amp; Andr\u00e9a Balducci. &nbsp; Hommage \u00e0 Frank Sinatra, Sammy Davis Jr. et Dean Martin. &nbsp; A la fin des ann\u00e9es 50, le terme Rat Pack est utilis\u00e9 pour d\u00e9signer un groupe [&hellip;]<\/p>\n","protected":false},"author":1,"featured_media":0,"comment_status":"open","ping_status":"open","sticky":false,"template":"","format":"standard","meta":{"wikipediapreview_detectlinks":true,"ngg_post_thumbnail":0,"footnotes":""},"categories":[5,11],"tags":[31,43,55],"class_list":["post-23258","post","type-post","status-publish","format-standard","hentry","category-concert","category-musique","tag-concert","tag-musique","tag-villeneuve-loubet"],"yoast_head":"<!-- This site is optimized with the Yoast SEO plugin v27.5 - https:\/\/yoast.com\/product\/yoast-seo-wordpress\/ -->\n<title>Concert du Big Band du conservatoire de Nice et Andr\u00e9a Balducci - Le blog de Sergiodadi<\/title>\n<meta name=\"robots\" content=\"index, follow, max-snippet:-1, max-image-preview:large, max-video-preview:-1\" \/>\n<link rel=\"canonical\" href=\"http:\/\/blog.nojo.fr\/index.php\/2022\/06\/18\/concert-du-big-band-du-conservatoire-de-nice-et-andrea-balducci\/\" \/>\n<meta property=\"og:locale\" content=\"fr_FR\" \/>\n<meta property=\"og:type\" content=\"article\" \/>\n<meta property=\"og:title\" content=\"Concert du Big Band du conservatoire de Nice et Andr\u00e9a Balducci - Le blog de Sergiodadi\" \/>\n<meta property=\"og:description\" content=\"&nbsp; Excellente soir\u00e9e samedi soir.&nbsp;&#8220;Un saut dans l&#8217;\u00e2ge d&#8217;or du swing&#8221;, Samedi 18 Juin \u00e0 21h, avec le big band du conservatoire de Nice &amp; Andr\u00e9a Balducci. &nbsp; Hommage \u00e0 Frank Sinatra, Sammy Davis Jr. et Dean Martin. &nbsp; A la fin des ann\u00e9es 50, le terme Rat Pack est utilis\u00e9 pour d\u00e9signer un groupe [&hellip;]\" \/>\n<meta property=\"og:url\" content=\"http:\/\/blog.nojo.fr\/index.php\/2022\/06\/18\/concert-du-big-band-du-conservatoire-de-nice-et-andrea-balducci\/\" \/>\n<meta property=\"og:site_name\" content=\"Le blog de Sergiodadi\" \/>\n<meta property=\"article:published_time\" content=\"2022-06-18T21:14:40+00:00\" \/>\n<meta property=\"article:modified_time\" content=\"2022-06-21T07:15:16+00:00\" \/>\n<meta property=\"og:image\" content=\"http:\/\/blog.nojo.fr\/wp-content\/uploads\/2022\/06\/51AA1766-46CC-4FE0-8980-99CA889693F7_1_201_a-238x300.jpeg\" \/>\n<meta name=\"author\" content=\"admin-serge\" \/>\n<meta name=\"twitter:card\" content=\"summary_large_image\" \/>\n<meta name=\"twitter:label1\" content=\"\u00c9crit par\" \/>\n\t<meta name=\"twitter:data1\" content=\"admin-serge\" \/>\n\t<meta name=\"twitter:label2\" content=\"Dur\u00e9e de lecture estim\u00e9e\" \/>\n\t<meta name=\"twitter:data2\" content=\"1 minute\" \/>\n<script type=\"application\/ld+json\" class=\"yoast-schema-graph\">{\"@context\":\"https:\\\/\\\/schema.org\",\"@graph\":[{\"@type\":\"Article\",\"@id\":\"http:\\\/\\\/blog.nojo.fr\\\/index.php\\\/2022\\\/06\\\/18\\\/concert-du-big-band-du-conservatoire-de-nice-et-andrea-balducci\\\/#article\",\"isPartOf\":{\"@id\":\"http:\\\/\\\/blog.nojo.fr\\\/index.php\\\/2022\\\/06\\\/18\\\/concert-du-big-band-du-conservatoire-de-nice-et-andrea-balducci\\\/\"},\"author\":{\"name\":\"admin-serge\",\"@id\":\"http:\\\/\\\/blog.nojo.fr\\\/#\\\/schema\\\/person\\\/707d71280d1614570f9444dc005cccd0\"},\"headline\":\"Concert du Big Band du conservatoire de Nice et Andr\u00e9a Balducci\",\"datePublished\":\"2022-06-18T21:14:40+00:00\",\"dateModified\":\"2022-06-21T07:15:16+00:00\",\"mainEntityOfPage\":{\"@id\":\"http:\\\/\\\/blog.nojo.fr\\\/index.php\\\/2022\\\/06\\\/18\\\/concert-du-big-band-du-conservatoire-de-nice-et-andrea-balducci\\\/\"},\"wordCount\":139,\"commentCount\":0,\"image\":{\"@id\":\"http:\\\/\\\/blog.nojo.fr\\\/index.php\\\/2022\\\/06\\\/18\\\/concert-du-big-band-du-conservatoire-de-nice-et-andrea-balducci\\\/#primaryimage\"},\"thumbnailUrl\":\"http:\\\/\\\/blog.nojo.fr\\\/wp-content\\\/uploads\\\/2022\\\/06\\\/51AA1766-46CC-4FE0-8980-99CA889693F7_1_201_a-238x300.jpeg\",\"keywords\":[\"Concert\",\"Musique\",\"Villeneuve Loubet\"],\"articleSection\":[\"Concert\",\"Musique\"],\"inLanguage\":\"fr-FR\",\"potentialAction\":[{\"@type\":\"CommentAction\",\"name\":\"Comment\",\"target\":[\"http:\\\/\\\/blog.nojo.fr\\\/index.php\\\/2022\\\/06\\\/18\\\/concert-du-big-band-du-conservatoire-de-nice-et-andrea-balducci\\\/#respond\"]}]},{\"@type\":\"WebPage\",\"@id\":\"http:\\\/\\\/blog.nojo.fr\\\/index.php\\\/2022\\\/06\\\/18\\\/concert-du-big-band-du-conservatoire-de-nice-et-andrea-balducci\\\/\",\"url\":\"http:\\\/\\\/blog.nojo.fr\\\/index.php\\\/2022\\\/06\\\/18\\\/concert-du-big-band-du-conservatoire-de-nice-et-andrea-balducci\\\/\",\"name\":\"Concert du Big Band du conservatoire de Nice et Andr\u00e9a Balducci - Le blog de Sergiodadi\",\"isPartOf\":{\"@id\":\"http:\\\/\\\/blog.nojo.fr\\\/#website\"},\"primaryImageOfPage\":{\"@id\":\"http:\\\/\\\/blog.nojo.fr\\\/index.php\\\/2022\\\/06\\\/18\\\/concert-du-big-band-du-conservatoire-de-nice-et-andrea-balducci\\\/#primaryimage\"},\"image\":{\"@id\":\"http:\\\/\\\/blog.nojo.fr\\\/index.php\\\/2022\\\/06\\\/18\\\/concert-du-big-band-du-conservatoire-de-nice-et-andrea-balducci\\\/#primaryimage\"},\"thumbnailUrl\":\"http:\\\/\\\/blog.nojo.fr\\\/wp-content\\\/uploads\\\/2022\\\/06\\\/51AA1766-46CC-4FE0-8980-99CA889693F7_1_201_a-238x300.jpeg\",\"datePublished\":\"2022-06-18T21:14:40+00:00\",\"dateModified\":\"2022-06-21T07:15:16+00:00\",\"author\":{\"@id\":\"http:\\\/\\\/blog.nojo.fr\\\/#\\\/schema\\\/person\\\/707d71280d1614570f9444dc005cccd0\"},\"breadcrumb\":{\"@id\":\"http:\\\/\\\/blog.nojo.fr\\\/index.php\\\/2022\\\/06\\\/18\\\/concert-du-big-band-du-conservatoire-de-nice-et-andrea-balducci\\\/#breadcrumb\"},\"inLanguage\":\"fr-FR\",\"potentialAction\":[{\"@type\":\"ReadAction\",\"target\":[\"http:\\\/\\\/blog.nojo.fr\\\/index.php\\\/2022\\\/06\\\/18\\\/concert-du-big-band-du-conservatoire-de-nice-et-andrea-balducci\\\/\"]}]},{\"@type\":\"ImageObject\",\"inLanguage\":\"fr-FR\",\"@id\":\"http:\\\/\\\/blog.nojo.fr\\\/index.php\\\/2022\\\/06\\\/18\\\/concert-du-big-band-du-conservatoire-de-nice-et-andrea-balducci\\\/#primaryimage\",\"url\":\"http:\\\/\\\/blog.nojo.fr\\\/wp-content\\\/uploads\\\/2022\\\/06\\\/51AA1766-46CC-4FE0-8980-99CA889693F7_1_201_a-238x300.jpeg\",\"contentUrl\":\"http:\\\/\\\/blog.nojo.fr\\\/wp-content\\\/uploads\\\/2022\\\/06\\\/51AA1766-46CC-4FE0-8980-99CA889693F7_1_201_a-238x300.jpeg\"},{\"@type\":\"BreadcrumbList\",\"@id\":\"http:\\\/\\\/blog.nojo.fr\\\/index.php\\\/2022\\\/06\\\/18\\\/concert-du-big-band-du-conservatoire-de-nice-et-andrea-balducci\\\/#breadcrumb\",\"itemListElement\":[{\"@type\":\"ListItem\",\"position\":1,\"name\":\"Home\",\"item\":\"http:\\\/\\\/blog.nojo.fr\\\/\"},{\"@type\":\"ListItem\",\"position\":2,\"name\":\"Concert du Big Band du conservatoire de Nice et Andr\u00e9a Balducci\"}]},{\"@type\":\"WebSite\",\"@id\":\"http:\\\/\\\/blog.nojo.fr\\\/#website\",\"url\":\"http:\\\/\\\/blog.nojo.fr\\\/\",\"name\":\"Le blog de Sergiodadi\",\"description\":\"Un peu de tout\u2026 Musique, Livres, Amis, Mus\u00e9es, Spectacles\u2026\",\"potentialAction\":[{\"@type\":\"SearchAction\",\"target\":{\"@type\":\"EntryPoint\",\"urlTemplate\":\"http:\\\/\\\/blog.nojo.fr\\\/?s={search_term_string}\"},\"query-input\":{\"@type\":\"PropertyValueSpecification\",\"valueRequired\":true,\"valueName\":\"search_term_string\"}}],\"inLanguage\":\"fr-FR\"},{\"@type\":\"Person\",\"@id\":\"http:\\\/\\\/blog.nojo.fr\\\/#\\\/schema\\\/person\\\/707d71280d1614570f9444dc005cccd0\",\"name\":\"admin-serge\",\"image\":{\"@type\":\"ImageObject\",\"inLanguage\":\"fr-FR\",\"@id\":\"https:\\\/\\\/secure.gravatar.com\\\/avatar\\\/8e91f94c902d837af08d31aa84904cd69aba8327cfda178714a55a31e57dace2?s=96&d=mm&r=g\",\"url\":\"https:\\\/\\\/secure.gravatar.com\\\/avatar\\\/8e91f94c902d837af08d31aa84904cd69aba8327cfda178714a55a31e57dace2?s=96&d=mm&r=g\",\"contentUrl\":\"https:\\\/\\\/secure.gravatar.com\\\/avatar\\\/8e91f94c902d837af08d31aa84904cd69aba8327cfda178714a55a31e57dace2?s=96&d=mm&r=g\",\"caption\":\"admin-serge\"},\"sameAs\":[\"http:\\\/\\\/blog-4.nojo.fr\"],\"url\":\"http:\\\/\\\/blog.nojo.fr\\\/index.php\\\/author\\\/admin-serge\\\/\"}]}<\/script>\n<!-- \/ Yoast SEO plugin. -->","yoast_head_json":{"title":"Concert du Big Band du conservatoire de Nice et Andr\u00e9a Balducci - Le blog de Sergiodadi","robots":{"index":"index","follow":"follow","max-snippet":"max-snippet:-1","max-image-preview":"max-image-preview:large","max-video-preview":"max-video-preview:-1"},"canonical":"http:\/\/blog.nojo.fr\/index.php\/2022\/06\/18\/concert-du-big-band-du-conservatoire-de-nice-et-andrea-balducci\/","og_locale":"fr_FR","og_type":"article","og_title":"Concert du Big Band du conservatoire de Nice et Andr\u00e9a Balducci - Le blog de Sergiodadi","og_description":"&nbsp; Excellente soir\u00e9e samedi soir.&nbsp;&#8220;Un saut dans l&#8217;\u00e2ge d&#8217;or du swing&#8221;, Samedi 18 Juin \u00e0 21h, avec le big band du conservatoire de Nice &amp; Andr\u00e9a Balducci. &nbsp; Hommage \u00e0 Frank Sinatra, Sammy Davis Jr. et Dean Martin. &nbsp; A la fin des ann\u00e9es 50, le terme Rat Pack est utilis\u00e9 pour d\u00e9signer un groupe [&hellip;]","og_url":"http:\/\/blog.nojo.fr\/index.php\/2022\/06\/18\/concert-du-big-band-du-conservatoire-de-nice-et-andrea-balducci\/","og_site_name":"Le blog de Sergiodadi","article_published_time":"2022-06-18T21:14:40+00:00","article_modified_time":"2022-06-21T07:15:16+00:00","og_image":[{"url":"http:\/\/blog.nojo.fr\/wp-content\/uploads\/2022\/06\/51AA1766-46CC-4FE0-8980-99CA889693F7_1_201_a-238x300.jpeg","type":"","width":"","height":""}],"author":"admin-serge","twitter_card":"summary_large_image","twitter_misc":{"\u00c9crit par":"admin-serge","Dur\u00e9e de lecture estim\u00e9e":"1 minute"},"schema":{"@context":"https:\/\/schema.org","@graph":[{"@type":"Article","@id":"http:\/\/blog.nojo.fr\/index.php\/2022\/06\/18\/concert-du-big-band-du-conservatoire-de-nice-et-andrea-balducci\/#article","isPartOf":{"@id":"http:\/\/blog.nojo.fr\/index.php\/2022\/06\/18\/concert-du-big-band-du-conservatoire-de-nice-et-andrea-balducci\/"},"author":{"name":"admin-serge","@id":"http:\/\/blog.nojo.fr\/#\/schema\/person\/707d71280d1614570f9444dc005cccd0"},"headline":"Concert du Big Band du conservatoire de Nice et Andr\u00e9a Balducci","datePublished":"2022-06-18T21:14:40+00:00","dateModified":"2022-06-21T07:15:16+00:00","mainEntityOfPage":{"@id":"http:\/\/blog.nojo.fr\/index.php\/2022\/06\/18\/concert-du-big-band-du-conservatoire-de-nice-et-andrea-balducci\/"},"wordCount":139,"commentCount":0,"image":{"@id":"http:\/\/blog.nojo.fr\/index.php\/2022\/06\/18\/concert-du-big-band-du-conservatoire-de-nice-et-andrea-balducci\/#primaryimage"},"thumbnailUrl":"http:\/\/blog.nojo.fr\/wp-content\/uploads\/2022\/06\/51AA1766-46CC-4FE0-8980-99CA889693F7_1_201_a-238x300.jpeg","keywords":["Concert","Musique","Villeneuve Loubet"],"articleSection":["Concert","Musique"],"inLanguage":"fr-FR","potentialAction":[{"@type":"CommentAction","name":"Comment","target":["http:\/\/blog.nojo.fr\/index.php\/2022\/06\/18\/concert-du-big-band-du-conservatoire-de-nice-et-andrea-balducci\/#respond"]}]},{"@type":"WebPage","@id":"http:\/\/blog.nojo.fr\/index.php\/2022\/06\/18\/concert-du-big-band-du-conservatoire-de-nice-et-andrea-balducci\/","url":"http:\/\/blog.nojo.fr\/index.php\/2022\/06\/18\/concert-du-big-band-du-conservatoire-de-nice-et-andrea-balducci\/","name":"Concert du Big Band du conservatoire de Nice et Andr\u00e9a Balducci - Le blog de Sergiodadi","isPartOf":{"@id":"http:\/\/blog.nojo.fr\/#website"},"primaryImageOfPage":{"@id":"http:\/\/blog.nojo.fr\/index.php\/2022\/06\/18\/concert-du-big-band-du-conservatoire-de-nice-et-andrea-balducci\/#primaryimage"},"image":{"@id":"http:\/\/blog.nojo.fr\/index.php\/2022\/06\/18\/concert-du-big-band-du-conservatoire-de-nice-et-andrea-balducci\/#primaryimage"},"thumbnailUrl":"http:\/\/blog.nojo.fr\/wp-content\/uploads\/2022\/06\/51AA1766-46CC-4FE0-8980-99CA889693F7_1_201_a-238x300.jpeg","datePublished":"2022-06-18T21:14:40+00:00","dateModified":"2022-06-21T07:15:16+00:00","author":{"@id":"http:\/\/blog.nojo.fr\/#\/schema\/person\/707d71280d1614570f9444dc005cccd0"},"breadcrumb":{"@id":"http:\/\/blog.nojo.fr\/index.php\/2022\/06\/18\/concert-du-big-band-du-conservatoire-de-nice-et-andrea-balducci\/#breadcrumb"},"inLanguage":"fr-FR","potentialAction":[{"@type":"ReadAction","target":["http:\/\/blog.nojo.fr\/index.php\/2022\/06\/18\/concert-du-big-band-du-conservatoire-de-nice-et-andrea-balducci\/"]}]},{"@type":"ImageObject","inLanguage":"fr-FR","@id":"http:\/\/blog.nojo.fr\/index.php\/2022\/06\/18\/concert-du-big-band-du-conservatoire-de-nice-et-andrea-balducci\/#primaryimage","url":"http:\/\/blog.nojo.fr\/wp-content\/uploads\/2022\/06\/51AA1766-46CC-4FE0-8980-99CA889693F7_1_201_a-238x300.jpeg","contentUrl":"http:\/\/blog.nojo.fr\/wp-content\/uploads\/2022\/06\/51AA1766-46CC-4FE0-8980-99CA889693F7_1_201_a-238x300.jpeg"},{"@type":"BreadcrumbList","@id":"http:\/\/blog.nojo.fr\/index.php\/2022\/06\/18\/concert-du-big-band-du-conservatoire-de-nice-et-andrea-balducci\/#breadcrumb","itemListElement":[{"@type":"ListItem","position":1,"name":"Home","item":"http:\/\/blog.nojo.fr\/"},{"@type":"ListItem","position":2,"name":"Concert du Big Band du conservatoire de Nice et Andr\u00e9a Balducci"}]},{"@type":"WebSite","@id":"http:\/\/blog.nojo.fr\/#website","url":"http:\/\/blog.nojo.fr\/","name":"Le blog de Sergiodadi","description":"Un peu de tout\u2026 Musique, Livres, Amis, Mus\u00e9es, Spectacles\u2026","potentialAction":[{"@type":"SearchAction","target":{"@type":"EntryPoint","urlTemplate":"http:\/\/blog.nojo.fr\/?s={search_term_string}"},"query-input":{"@type":"PropertyValueSpecification","valueRequired":true,"valueName":"search_term_string"}}],"inLanguage":"fr-FR"},{"@type":"Person","@id":"http:\/\/blog.nojo.fr\/#\/schema\/person\/707d71280d1614570f9444dc005cccd0","name":"admin-serge","image":{"@type":"ImageObject","inLanguage":"fr-FR","@id":"https:\/\/secure.gravatar.com\/avatar\/8e91f94c902d837af08d31aa84904cd69aba8327cfda178714a55a31e57dace2?s=96&d=mm&r=g","url":"https:\/\/secure.gravatar.com\/avatar\/8e91f94c902d837af08d31aa84904cd69aba8327cfda178714a55a31e57dace2?s=96&d=mm&r=g","contentUrl":"https:\/\/secure.gravatar.com\/avatar\/8e91f94c902d837af08d31aa84904cd69aba8327cfda178714a55a31e57dace2?s=96&d=mm&r=g","caption":"admin-serge"},"sameAs":["http:\/\/blog-4.nojo.fr"],"url":"http:\/\/blog.nojo.fr\/index.php\/author\/admin-serge\/"}]}},"_links":{"self":[{"href":"http:\/\/blog.nojo.fr\/index.php\/wp-json\/wp\/v2\/posts\/23258","targetHints":{"allow":["GET"]}}],"collection":[{"href":"http:\/\/blog.nojo.fr\/index.php\/wp-json\/wp\/v2\/posts"}],"about":[{"href":"http:\/\/blog.nojo.fr\/index.php\/wp-json\/wp\/v2\/types\/post"}],"author":[{"embeddable":true,"href":"http:\/\/blog.nojo.fr\/index.php\/wp-json\/wp\/v2\/users\/1"}],"replies":[{"embeddable":true,"href":"http:\/\/blog.nojo.fr\/index.php\/wp-json\/wp\/v2\/comments?post=23258"}],"version-history":[{"count":4,"href":"http:\/\/blog.nojo.fr\/index.php\/wp-json\/wp\/v2\/posts\/23258\/revisions"}],"predecessor-version":[{"id":23284,"href":"http:\/\/blog.nojo.fr\/index.php\/wp-json\/wp\/v2\/posts\/23258\/revisions\/23284"}],"wp:attachment":[{"href":"http:\/\/blog.nojo.fr\/index.php\/wp-json\/wp\/v2\/media?parent=23258"}],"wp:term":[{"taxonomy":"category","embeddable":true,"href":"http:\/\/blog.nojo.fr\/index.php\/wp-json\/wp\/v2\/categories?post=23258"},{"taxonomy":"post_tag","embeddable":true,"href":"http:\/\/blog.nojo.fr\/index.php\/wp-json\/wp\/v2\/tags?post=23258"}],"curies":[{"name":"wp","href":"https:\/\/api.w.org\/{rel}","templated":true}]}}