{"id":24017,"date":"2023-01-22T17:55:01","date_gmt":"2023-01-22T16:55:01","guid":{"rendered":"http:\/\/blog.nojo.fr\/?p=24017"},"modified":"2023-01-26T17:55:20","modified_gmt":"2023-01-26T16:55:20","slug":"visite-de-lexposition-hokusai-voyage-au-pied-du-mont-fuji","status":"publish","type":"post","link":"http:\/\/blog.nojo.fr\/index.php\/2023\/01\/22\/visite-de-lexposition-hokusai-voyage-au-pied-du-mont-fuji\/","title":{"rendered":"Visite de l&#8217;exposition &#8220;Hokusai \u2013 Voyage au pied du mont Fuji&#8221;"},"content":{"rendered":"<div class=\"x11i5rnm xat24cr x1mh8g0r x1vvkbs xdj266r x126k92a\">\n<div dir=\"auto\"><img loading=\"lazy\" decoding=\"async\" class=\"alignnone size-medium wp-image-24021\" src=\"http:\/\/blog.nojo.fr\/wp-content\/uploads\/2023\/01\/1FEF166E-AB89-4A51-B75C-98144C68D1E4_1_201_a-300x222.jpeg\" alt=\"Hokusai\" width=\"300\" height=\"222\" srcset=\"http:\/\/blog.nojo.fr\/wp-content\/uploads\/2023\/01\/1FEF166E-AB89-4A51-B75C-98144C68D1E4_1_201_a-300x222.jpeg 300w, http:\/\/blog.nojo.fr\/wp-content\/uploads\/2023\/01\/1FEF166E-AB89-4A51-B75C-98144C68D1E4_1_201_a-1024x759.jpeg 1024w, http:\/\/blog.nojo.fr\/wp-content\/uploads\/2023\/01\/1FEF166E-AB89-4A51-B75C-98144C68D1E4_1_201_a-768x569.jpeg 768w, http:\/\/blog.nojo.fr\/wp-content\/uploads\/2023\/01\/1FEF166E-AB89-4A51-B75C-98144C68D1E4_1_201_a-1536x1138.jpeg 1536w, http:\/\/blog.nojo.fr\/wp-content\/uploads\/2023\/01\/1FEF166E-AB89-4A51-B75C-98144C68D1E4_1_201_a-2048x1517.jpeg 2048w, http:\/\/blog.nojo.fr\/wp-content\/uploads\/2023\/01\/1FEF166E-AB89-4A51-B75C-98144C68D1E4_1_201_a-624x462.jpeg 624w\" sizes=\"auto, (max-width: 300px) 100vw, 300px\" \/><\/div>\n<div dir=\"auto\">&nbsp;<\/div>\n<div dir=\"auto\">Visite de l&#8217;exposition &#8220;<a href=\"https:\/\/fr.wikipedia.org\/wiki\/Hokusai\">Hokusai<\/a> \u2013 Voyage au pied du mont Fuji&#8221; au <a href=\"https:\/\/maa.departement06.fr\/musee-des-arts-asiatiques-13422.html\">mus\u00e9e des Arts Asiatiques<\/a> de Nice.<\/div>\n<\/div>\n<div class=\"x11i5rnm xat24cr x1mh8g0r x1vvkbs xtlvy1s x126k92a\">\n<div dir=\"auto\">&nbsp;<\/div>\n<div dir=\"auto\"><strong>Hokusai \u2013 Voyage au pied du mont Fuji<\/strong><\/div>\n<div dir=\"auto\">&nbsp;<\/div>\n<\/div>\n<div class=\"x11i5rnm xat24cr x1mh8g0r x1vvkbs xtlvy1s x126k92a\">\n<div dir=\"auto\">Qui ne conna\u00eet pas <a href=\"https:\/\/fr.wikipedia.org\/wiki\/Hokusai\">Hokusai<\/a> et sa Vague ? Tout un chacun a vu au moins une fois dans sa vie, sous une forme ou une autre, la c\u00e9l\u00e8bre cr\u00e9ation du \u00ab Vieil Homme fou de peinture \u00bb. Symbole japonais par excellence, Sous la vague au large de Kanagawa est pourtant le fruit d\u2019une rencontre entre l\u2019Asie et l\u2019Occident. Elle transcende les fronti\u00e8res, les transgresse presque, tant l\u2019\u00e9poque de sa cr\u00e9ation \u00e9tait peu propice aux \u00e9changes du fait de la fermeture du Japon. Elle cr\u00e9e un lien qui est au c\u0153ur du projet du mus\u00e9e d\u00e9partemental des arts asiatiques dont la vocation est de partager avec son public les arts de l\u2019Asie en les int\u00e9grant dans une histoire globale de l\u2019humanit\u00e9.<\/div>\n<div dir=\"auto\">&nbsp;<\/div>\n<\/div>\n<p><!--more--><\/p>\n<div class=\"x11i5rnm xat24cr x1mh8g0r x1vvkbs xtlvy1s x126k92a\">\n<div dir=\"auto\">ngg_shortcode_0_placeholder<\/div>\n<div dir=\"auto\">\u00c0 travers cent-vingt-six estampes de Katsushika <a href=\"https:\/\/fr.wikipedia.org\/wiki\/Hokusai\">Hokusai<\/a> (1760-1849) issues de l\u2019exceptionnelle collection de Georges Leskowicz, l\u2019exposition s\u2019int\u00e9resse \u00e0 un pan connu de la production du ma\u00eetre. Le paysage, omnipr\u00e9sent dans l\u2019estampe japonaise, prend une nouvelle dimension dans son \u0153uvre : Hokusai en renouvelle les codes d\u00e8s les premi\u00e8res ann\u00e9es de sa carri\u00e8re, puis il r\u00e9volutionne le genre dans les s\u00e9ries des ann\u00e9es 1830 auxquelles appartiennent les tr\u00e8s c\u00e9l\u00e8bres Trente-six vues du mont Fuji, les Cascades et les Ponts.<\/div>\n<div dir=\"auto\">&nbsp;<\/div>\n<\/div>\n<div class=\"x11i5rnm xat24cr x1mh8g0r x1vvkbs xtlvy1s x126k92a\">\n<div dir=\"auto\">Les estampes s\u00e9lectionn\u00e9es permettent \u00e9galement d\u2019\u00e9voquer la mani\u00e8re dont les Japonais appr\u00e9cient et parcourent leur pays \u00e0 l\u2019\u00e9poque d\u2019Edo (1603-1868), notamment en empruntant la route du T\u00f4kaid\u00f4, dont l\u2019importance en a fait un motif artistique \u00e0 part enti\u00e8re. En raison du d\u00e9veloppement du tourisme int\u00e9rieur que conna\u00eet alors l\u2019archipel, le voyage occupe une place de choix dans l\u2019imagerie de l\u2019ukiyo-e, ces \u00ab images du monde flottant \u00bb, des plaisirs fugitifs d\u2019ici-bas.<\/div>\n<\/div>\n<div class=\"x11i5rnm xat24cr x1mh8g0r x1vvkbs xtlvy1s x126k92a\">\n<div dir=\"auto\">&nbsp;<\/div>\n<div dir=\"auto\">Dans son \u0153uvre, <a href=\"https:\/\/fr.wikipedia.org\/wiki\/Hokusai\">Hokusai<\/a> se montre sensible \u00e0 la nature et \u00e0 la vari\u00e9t\u00e9 des formes qu\u2019elle peut rev\u00eatir, mais aussi \u00e0 l\u2019activit\u00e9 quotidienne des hommes qui l\u2019habitent, la contemplent et la traversent. L\u2019exposition pr\u00e9sente en outre huit carnets de la Manga et dix objets, supports de paysages ou con\u00e7us pour le voyage. Le visiteur est ainsi convi\u00e9 \u00e0 (re)d\u00e9couvrir les \u0153uvres de Hokusai et \u00e0 se confronter aux plus iconiques d\u2019entre elles.<\/div>\n<\/div>\n<div class=\"x11i5rnm xat24cr x1mh8g0r x1vvkbs xtlvy1s x126k92a\">\n<div dir=\"auto\">&nbsp;<\/div>\n<div dir=\"auto\"><strong>Le paysage chez Hokusai<\/strong><\/div>\n<\/div>\n<div class=\"x11i5rnm xat24cr x1mh8g0r x1vvkbs xtlvy1s x126k92a\">\n<div dir=\"auto\">&nbsp;<\/div>\n<div dir=\"auto\">Le nom de <a href=\"https:\/\/fr.wikipedia.org\/wiki\/Hokusai\">Hokusai<\/a> est associ\u00e9 pour l\u2019\u00e9ternit\u00e9 au paysage japonais. Son \u0153uvre ne saurait pourtant \u00eatre r\u00e9duit \u00e0 ce genre tant il est prot\u00e9iforme. L\u2019artiste a en effet explor\u00e9 l\u2019ensemble des th\u00e9matiques de l\u2019ukiyo-e. C\u2019est surtout son sens de l\u2019innovation qui est sa marque de fabrique. Tr\u00e8s t\u00f4t dans sa carri\u00e8re, d\u00e8s les ann\u00e9es 1780, il int\u00e8gre la perspective occidentale dans des repr\u00e9sentations de vues urbaines, de sites c\u00e9l\u00e8bres, d\u2019architectures et de sc\u00e8nes historiques.<\/div>\n<\/div>\n<div class=\"x11i5rnm xat24cr x1mh8g0r x1vvkbs xtlvy1s x126k92a\">\n<div dir=\"auto\">Publi\u00e9s de 1814 \u00e0 1878, les 15 volumes de la Manga, regroupent plus de 3 900 dessins de faune et flore, de paysages, de ph\u00e9nom\u00e8nes atmosph\u00e9riques, de sc\u00e8nes de la vie quotidienne rurales et urbaines. L\u2019artiste montre ainsi sa ma\u00eetrise du paysage dans ses moindres d\u00e9tails.<\/div>\n<\/div>\n<div class=\"x11i5rnm xat24cr x1mh8g0r x1vvkbs xtlvy1s x126k92a\">\n<div dir=\"auto\">&nbsp;<\/div>\n<div dir=\"auto\">Dans les ann\u00e9es 1830, <a href=\"https:\/\/fr.wikipedia.org\/wiki\/Hokusai\">Hokusai<\/a> se consacre \u00e0 des s\u00e9ries dans lesquelles le paysage n\u2019est plus un simple d\u00e9cor mais bien un sujet \u00e0 part enti\u00e8re. Il place sur le devant de la sc\u00e8ne ce qui se trouvait auparavant \u00e0 l\u2019arri\u00e8re-plan et r\u00e9g\u00e9n\u00e8re durablement le monde de l\u2019estampe en s\u2019appuyant sur les traditions chinoise et japonaise tout autant que sur des apports occidentaux.<\/div>\n<\/div>\n<div class=\"x11i5rnm xat24cr x1mh8g0r x1vvkbs xtlvy1s x126k92a\">\n<div dir=\"auto\">Inventif et rigoureux dans ses compositions, Hokusai adapte le format, l\u2019\u00e9chelle et le cadrage \u00e0 son propos. Sur certaines estampes, il focalise l\u2019attention sur les activit\u00e9s de l\u2019homme dans son environnement. Sur d\u2019autres, il choisit des plans plus larges pour mettre en valeur le relief ou de grandes infrastructures. Enfin, il prend de la hauteur avec ses vues \u00e0 vol d\u2019oiseau, embrassant des r\u00e9gions enti\u00e8res, o\u00f9 s\u2019animent d\u2019une multitude de d\u00e9tails.<\/div>\n<\/div>\n<div class=\"x11i5rnm xat24cr x1mh8g0r x1vvkbs xtlvy1s x126k92a\">\n<div dir=\"auto\">&nbsp;<\/div>\n<div dir=\"auto\"><strong>Les Trente-six vues du mont Fuji : le renouveau du paysage<\/strong><\/div>\n<\/div>\n<div class=\"x11i5rnm xat24cr x1mh8g0r x1vvkbs xtlvy1s x126k92a\">\n<div dir=\"auto\">&nbsp;<\/div>\n<div dir=\"auto\">En 1831, l\u2019imprimeur Nishimuraya Yohashi annonce dans une publicit\u00e9 la parution d\u2019une s\u00e9rie \u00e0 dominante de bleu, pouvant atteindre cent gravures. Dans les faits, l\u2019ensemble compte trente-six estampes de grand format horizontal, entreprises d\u00e8s 1830, compl\u00e9t\u00e9e de dix vues suppl\u00e9mentaires en raison de son succ\u00e8s. Sur les quarante-six estampes de la s\u00e9rie compl\u00e8te, cette exposition en pr\u00e9sente trente-six.<\/div>\n<div dir=\"auto\">&nbsp;<\/div>\n<\/div>\n<div class=\"x11i5rnm xat24cr x1mh8g0r x1vvkbs xtlvy1s x126k92a\">\n<div dir=\"auto\">\u00c0 travers ces repr\u00e9sentations, <a href=\"https:\/\/fr.wikipedia.org\/wiki\/Hokusai\">Hokusai<\/a> rend hommage \u00e0 la montagne sacr\u00e9e, refuge de sanctuaires shinto\u00efstes et source d\u2019inspiration de nombreux artistes depuis le VIIIe si\u00e8cle. En outre, avec l\u2019implantation et le d\u00e9veloppement de la nouvelle capitale \u00e0 Edo au d\u00e9but du XVIIe si\u00e8cle, le Fuji, devenu un \u00e9l\u00e9ment familier du paysage, fait l\u2019objet d\u2019une admiration particuli\u00e8re.<\/div>\n<\/div>\n<div class=\"x11i5rnm xat24cr x1mh8g0r x1vvkbs xtlvy1s x126k92a\">\n<div dir=\"auto\">Avec la publication des Trente-six vues du mont Fuji, le paysage devient un genre majeur de l\u2019ukiyo-e. Chaque estampe donne \u00e0 voir un des aspects de la montagne, en fonction du point d\u2019observation, de la saison, du temps qu\u2019il fait ou de l\u2019heure, privil\u00e9giant tant\u00f4t le cadre naturel, paisible ou mena\u00e7ant, tant\u00f4t les hommes saisis dans leur activit\u00e9, en harmonie ou en lutte avec les \u00e9l\u00e9ments. <a href=\"https:\/\/fr.wikipedia.org\/wiki\/Hokusai\">Hokusai<\/a> capte tout \u00e0 la fois l\u2019immuable majest\u00e9 du Fuji et l\u2019activit\u00e9 \u2013 mais aussi la fragilit\u00e9 \u2013 de ses semblables.<\/div>\n<div dir=\"auto\">&nbsp;<\/div>\n<\/div>\n<div class=\"x11i5rnm xat24cr x1mh8g0r x1vvkbs xtlvy1s x126k92a\">\n<div dir=\"auto\">La s\u00e9rie est novatrice \u00e0 plusieurs \u00e9gards. Le recours au bleu de Prusse, pigment synth\u00e9tique invent\u00e9 en Europe et r\u00e9cemment introduit au Japon, permet d\u2019\u00e9tendre la gamme des tons et les effets de d\u00e9grad\u00e9 (bokashi). Par ailleurs, <a href=\"https:\/\/fr.wikipedia.org\/wiki\/Hokusai\">Hokusai<\/a> alterne ou associe dans une m\u00eame vue les techniques de composition occidentale (perspective lin\u00e9aire \u00e0 point de fuite et lignes convergentes), japonaise (vision frontale d\u2019un objet au premier plan ; plans \u00e9tag\u00e9s horizontalement), et chinoise (contrastes entre le vide et le plein, combinaison du statisme et du mouvement).<\/div>\n<\/div>\n<div class=\"x11i5rnm xat24cr x1mh8g0r x1vvkbs xtlvy1s x126k92a\">\n<div dir=\"auto\">&nbsp;<\/div>\n<div dir=\"auto\">Enfin, il se d\u00e9tache des traditionnelles vues de sites c\u00e9l\u00e8bres (meisho-e) clairement identifiables, pour privil\u00e9gier des paysages aux cadrages originaux, parfois insolites, tous diff\u00e9rents au sein de la s\u00e9rie.<\/div>\n<\/div>\n<div class=\"x11i5rnm xat24cr x1mh8g0r x1vvkbs xtlvy1s x126k92a\">\n<div dir=\"auto\">&nbsp;<\/div>\n<div dir=\"auto\"><strong>Le T\u014dkaid\u014d<\/strong><\/div>\n<\/div>\n<div class=\"x11i5rnm xat24cr x1mh8g0r x1vvkbs xtlvy1s x126k92a\">\n<div dir=\"auto\">&nbsp;<\/div>\n<div dir=\"auto\">Le T\u00f4kaid\u00f4 (\u00ab route de la mer de l\u2019Est \u00bb) relie Edo (actuelle T\u00f4ky\u00f4), capitale shogunale depuis 1603, et Ky\u00f4t\u00f4, la capitale imp\u00e9riale. Cinquante-trois relais de poste offrent toutes les infrastructures et services n\u00e9cessaires aux voyageurs (auberges, restaurants, \u00e9curies, commerces, maisons de plaisir, guides, porteurs) et servent de points de contr\u00f4le. Les cinq cents kilom\u00e8tres de cette route, parfois p\u00e9rilleuse, peuvent \u00eatre parcourus au minimum en deux semaines, \u00e0 pied, \u00e0 cheval ou en palanquin. Les seigneurs (daimy\u00f4) accompagn\u00e9s de leur suite, contraints par le sh\u00f4gun de r\u00e9sider \u00e0 Edo un an sur deux, y croisent des samoura\u00efs, des messagers, des p\u00e8lerins, des marchands, des gens du peuple.<\/div>\n<\/div>\n<div class=\"x11i5rnm xat24cr x1mh8g0r x1vvkbs xtlvy1s x126k92a\">\n<div dir=\"auto\">&nbsp;<\/div>\n<div dir=\"auto\"><a href=\"https:\/\/fr.wikipedia.org\/wiki\/Hokusai\">Hokusai<\/a> produit sept s\u00e9ries d\u2018estampes et un livre illustr\u00e9 sur le sujet entre 1802 et 1810, dont La Clochette des relais, publi\u00e9e vers 1805-1806 et pr\u00e9sent\u00e9e dans l\u2019exposition. Cet ensemble, le seul de format moyen vertical, d\u00e9peint les habitudes et les m\u0153urs des voyageurs dans un d\u00e9cor rel\u00e9gu\u00e9 au second rang.<\/div>\n<\/div>\n<div class=\"x11i5rnm xat24cr x1mh8g0r x1vvkbs xtlvy1s x126k92a\">\n<div dir=\"auto\">&nbsp;<\/div>\n<div dir=\"auto\">En 1818, <a href=\"https:\/\/fr.wikipedia.org\/wiki\/Hokusai\">Hokusai<\/a> r\u00e9alise une vue \u00e0 vol d\u2019oiseau de la route du T\u00f4kaid\u00f4. Elle comporte les noms des \u00e9tapes et des lieux c\u00e9l\u00e8bres \u00e0 visiter dans les environs. S\u2019inspirant de Kuwagata Keisai (1764-1824), il se distingue de son pr\u00e9d\u00e9cesseur par un souci plus pouss\u00e9 des d\u00e9tails, en figurant des personnages et des \u00e9l\u00e9ments d\u2019architecture. Hokusai produit six vues en perspective de ce type au cours de sa carri\u00e8re.<\/div>\n<\/div>\n<div class=\"x11i5rnm xat24cr x1mh8g0r x1vvkbs xtlvy1s x126k92a\">\n<div dir=\"auto\">&nbsp;<\/div>\n<div dir=\"auto\"><strong>Les grandes s\u00e9ries de paysages (1830-1836)<\/strong><\/div>\n<\/div>\n<div class=\"x11i5rnm xat24cr x1mh8g0r x1vvkbs xtlvy1s x126k92a\">\n<div dir=\"auto\">&nbsp;<\/div>\n<div dir=\"auto\">En 1820, alors que d\u00e9bute un nouveau cycle astrologique de soixante ans, Hokusai prend le nom de Iitsu, litt\u00e9ralement \u00ab \u00e2g\u00e9 \u00e0 nouveau d\u2019un an \u00bb. \u00c0 partir de 1830, en l\u2019espace de quatre ann\u00e9es, il r\u00e9alise trois courtes s\u00e9ries qui comptent parmi ses plus c\u00e9l\u00e8bres, prenant pour sujets les paysages, les sites c\u00e9l\u00e8bres mais aussi la litt\u00e9rature classique.<\/div>\n<div dir=\"auto\">&nbsp;<\/div>\n<\/div>\n<div class=\"x11i5rnm xat24cr x1mh8g0r x1vvkbs xtlvy1s x126k92a\">\n<div dir=\"auto\">Dans les onze estampes des Ponts c\u00e9l\u00e8bres et remarquables des diverses provinces, de grand format horizontal, son int\u00e9r\u00eat se porte sur la structure de ponts plus ou moins connus, r\u00e9els ou imaginaires, dont les formes sont mises en valeur par la composition g\u00e9om\u00e9trique d\u2019ensemble. Les huit estampes verticales du Voyage au fil des cascades des diff\u00e9rentes provinces cherchent \u00e0 reproduire les diff\u00e9rents aspects que prend l\u2019eau dans sa chute \u2013 rideau, vagues, \u00e9cume, brume, gouttelettes \u2013 dans de subtils effets graphiques et jeux de polychromie. La s\u00e9rie Miroir v\u00e9ritable des po\u00e8tes de Chine et du Japon en dix estampes campe des po\u00e8tes ou leurs personnages dans des d\u00e9cors somptueux, d\u00e9ploy\u00e9s sur un long format vertical, o\u00f9 le bleu de Prusse domine.<\/div>\n<div dir=\"auto\">&nbsp;<\/div>\n<\/div>\n<div class=\"x11i5rnm xat24cr x1mh8g0r x1vvkbs xtlvy1s x126k92a\">\n<div dir=\"auto\">En 1835-1836, sous le nom de Manji (\u00ab \u00c2g\u00e9 de dix mille ans \u00bb), <a href=\"https:\/\/fr.wikipedia.org\/wiki\/Hokusai\">Hokusai<\/a> entreprend de traduire en images cent po\u00e8mes waka r\u00e9unis en anthologie au d\u00e9but du XIIIe si\u00e8cle, tr\u00e8s populaires et connus par des jeux de r\u00e9citation. La nourrice invoqu\u00e9e dans le titre permet \u00e0 Hokusai d\u2019\u00e9viter d\u2019illustrer les textes \u00e0 la lettre : l\u2019\u00e9cart entre certaines sc\u00e8nes et leur source litt\u00e9raire viendrait des erreurs d\u2019interpr\u00e9tation de cette narratrice fictive. La s\u00e9rie reste inachev\u00e9e, certainement en raison de son herm\u00e9tisme et de la crise \u00e9conomique qui frappe alors le pays.<\/div>\n<\/div>\n<div class=\"x11i5rnm xat24cr x1mh8g0r x1vvkbs xtlvy1s x126k92a\">\n<div dir=\"auto\">&nbsp;<\/div>\n<div dir=\"auto\"><strong>De l\u2019image \u00e0 l\u2019objet<\/strong><\/div>\n<div dir=\"auto\">&nbsp;<\/div>\n<\/div>\n<div class=\"x11i5rnm xat24cr x1mh8g0r x1vvkbs xtlvy1s x126k92a\">\n<div dir=\"auto\">Dix objets pr\u00e9sent\u00e9s dans l\u2019exposition entrent en \u00e9cho avec l\u2019\u0153uvre de <a href=\"https:\/\/fr.wikipedia.org\/wiki\/Hokusai\">Hokusai<\/a>, qui livre de nombreux d\u00e9tails sur la vie quotidienne \u00e0 l\u2019\u00e9poque d\u2019Edo (1603-1868), les habitudes des voyageurs et les paysages de l\u2019archipel.<\/div>\n<div dir=\"auto\">&nbsp;<\/div>\n<\/div>\n<div class=\"x11i5rnm xat24cr x1mh8g0r x1vvkbs xtlvy1s x126k92a\">\n<div dir=\"auto\">Un costume de th\u00e9\u00e2tre n\u00f4 du XVIIIe si\u00e8cle pr\u00e9sente un d\u00e9cor de paysage de rivi\u00e8re, glycines et pins, d\u00e9licatement brod\u00e9 en fils de soie. Un n\u00e9cessaire \u00e0 \u00e9crire de la fin du XVIIIe si\u00e8cle, en laque d\u2019or et d\u2019argent, est orn\u00e9 de grues en vol ou pos\u00e9es sur la rive d\u2019un cours d\u2019eau. Trois okimono et un manche d\u2019ombrelle en ivoire, sculpt\u00e9s sous l\u2019\u00e8re Meiji (1868-1912), vraisemblablement \u00e0 destination d\u2019une client\u00e8le occidentale en pleine vague de \u00ab japonisme \u00bb, renvoient aux activit\u00e9s agricoles et maritimes. Un manteau de pluie en fibre de palmes du XX si\u00e8cle, d\u2019origine chinoise, rappelle les v\u00eatements de protection rustiques (mino) que portent les paysans aux prises avec les intemp\u00e9ries (averse, neige), tels que Hokusai les a repr\u00e9sent\u00e9s dans la Manga ou sur ses estampes.<\/div>\n<div dir=\"auto\">&nbsp;<\/div>\n<\/div>\n<div class=\"x11i5rnm xat24cr x1mh8g0r x1vvkbs xtlvy1s x126k92a\">\n<div dir=\"auto\">Certains objets sont indissociablement li\u00e9s au voyage. Un manteau-armure exceptionnel du XIXe si\u00e8cle, recouvert d\u2019une cotte de mailles orn\u00e9e de plaques de fer dor\u00e9es, accompagn\u00e9 de ses protections d\u2019avant-bras et de ses jambi\u00e8res, rel\u00e8ve des armures pliables de voyage transport\u00e9es par les daimy\u00f4 et les samoura\u00efs. Une paire d\u2019\u00e9triers en acier et laque de l\u2019\u00e9poque d\u2019Edo compl\u00e8te la panoplie. Un palanquin du XIXe si\u00e8cle, con\u00e7u pour conduire une future mari\u00e9e de haut rang au domicile de sa nouvelle famille, est orn\u00e9 d\u2019un d\u00e9cor int\u00e9rieur de fleurs sur papier peint. Dans la s\u00e9rie La Clochette des relais, <a href=\"https:\/\/fr.wikipedia.org\/wiki\/Hokusai\">Hokusai<\/a> montre \u00e0 plusieurs reprises des dames \u00e9l\u00e9gantes assises dans des v\u00e9hicules bien moins somptueux.<\/div>\n<\/div>\n","protected":false},"excerpt":{"rendered":"<p>&nbsp; Visite de l&#8217;exposition &#8220;Hokusai \u2013 Voyage au pied du mont Fuji&#8221; au mus\u00e9e des Arts Asiatiques de Nice. &nbsp; Hokusai \u2013 Voyage au pied du mont Fuji &nbsp; Qui ne conna\u00eet pas Hokusai et sa Vague ? Tout un chacun a vu au moins une fois dans sa vie, sous une forme ou une [&hellip;]<\/p>\n","protected":false},"author":1,"featured_media":0,"comment_status":"open","ping_status":"open","sticky":false,"template":"","format":"standard","meta":{"wikipediapreview_detectlinks":true,"ngg_post_thumbnail":0,"footnotes":""},"categories":[10],"tags":[34,42,44],"class_list":["post-24017","post","type-post","status-publish","format-standard","hentry","category-musee","tag-exposition","tag-musee","tag-nice"],"yoast_head":"<!-- This site is optimized with the Yoast SEO plugin v27.4 - https:\/\/yoast.com\/product\/yoast-seo-wordpress\/ -->\n<title>Visite de l&#039;exposition &quot;Hokusai \u2013 Voyage au pied du mont Fuji&quot; - Le blog de Sergiodadi<\/title>\n<meta name=\"robots\" content=\"index, follow, max-snippet:-1, max-image-preview:large, max-video-preview:-1\" \/>\n<link rel=\"canonical\" href=\"http:\/\/blog.nojo.fr\/index.php\/2023\/01\/22\/visite-de-lexposition-hokusai-voyage-au-pied-du-mont-fuji\/\" \/>\n<meta property=\"og:locale\" content=\"fr_FR\" \/>\n<meta property=\"og:type\" content=\"article\" \/>\n<meta property=\"og:title\" content=\"Visite de l&#039;exposition &quot;Hokusai \u2013 Voyage au pied du mont Fuji&quot; - Le blog de Sergiodadi\" \/>\n<meta property=\"og:description\" content=\"&nbsp; Visite de l&#8217;exposition &#8220;Hokusai \u2013 Voyage au pied du mont Fuji&#8221; au mus\u00e9e des Arts Asiatiques de Nice. &nbsp; Hokusai \u2013 Voyage au pied du mont Fuji &nbsp; Qui ne conna\u00eet pas Hokusai et sa Vague ? Tout un chacun a vu au moins une fois dans sa vie, sous une forme ou une [&hellip;]\" \/>\n<meta property=\"og:url\" content=\"http:\/\/blog.nojo.fr\/index.php\/2023\/01\/22\/visite-de-lexposition-hokusai-voyage-au-pied-du-mont-fuji\/\" \/>\n<meta property=\"og:site_name\" content=\"Le blog de Sergiodadi\" \/>\n<meta property=\"article:published_time\" content=\"2023-01-22T16:55:01+00:00\" \/>\n<meta property=\"article:modified_time\" content=\"2023-01-26T16:55:20+00:00\" \/>\n<meta property=\"og:image\" content=\"http:\/\/blog.nojo.fr\/wp-content\/uploads\/2023\/01\/1FEF166E-AB89-4A51-B75C-98144C68D1E4_1_201_a-300x222.jpeg\" \/>\n<meta name=\"author\" content=\"admin-serge\" \/>\n<meta name=\"twitter:card\" content=\"summary_large_image\" \/>\n<meta name=\"twitter:label1\" content=\"\u00c9crit par\" \/>\n\t<meta name=\"twitter:data1\" content=\"admin-serge\" \/>\n\t<meta name=\"twitter:label2\" content=\"Dur\u00e9e de lecture estim\u00e9e\" \/>\n\t<meta name=\"twitter:data2\" content=\"10 minutes\" \/>\n<script type=\"application\/ld+json\" class=\"yoast-schema-graph\">{\"@context\":\"https:\\\/\\\/schema.org\",\"@graph\":[{\"@type\":\"Article\",\"@id\":\"http:\\\/\\\/blog.nojo.fr\\\/index.php\\\/2023\\\/01\\\/22\\\/visite-de-lexposition-hokusai-voyage-au-pied-du-mont-fuji\\\/#article\",\"isPartOf\":{\"@id\":\"http:\\\/\\\/blog.nojo.fr\\\/index.php\\\/2023\\\/01\\\/22\\\/visite-de-lexposition-hokusai-voyage-au-pied-du-mont-fuji\\\/\"},\"author\":{\"name\":\"admin-serge\",\"@id\":\"http:\\\/\\\/blog.nojo.fr\\\/#\\\/schema\\\/person\\\/707d71280d1614570f9444dc005cccd0\"},\"headline\":\"Visite de l&#8217;exposition &#8220;Hokusai \u2013 Voyage au pied du mont Fuji&#8221;\",\"datePublished\":\"2023-01-22T16:55:01+00:00\",\"dateModified\":\"2023-01-26T16:55:20+00:00\",\"mainEntityOfPage\":{\"@id\":\"http:\\\/\\\/blog.nojo.fr\\\/index.php\\\/2023\\\/01\\\/22\\\/visite-de-lexposition-hokusai-voyage-au-pied-du-mont-fuji\\\/\"},\"wordCount\":2020,\"commentCount\":0,\"image\":{\"@id\":\"http:\\\/\\\/blog.nojo.fr\\\/index.php\\\/2023\\\/01\\\/22\\\/visite-de-lexposition-hokusai-voyage-au-pied-du-mont-fuji\\\/#primaryimage\"},\"thumbnailUrl\":\"http:\\\/\\\/blog.nojo.fr\\\/wp-content\\\/uploads\\\/2023\\\/01\\\/1FEF166E-AB89-4A51-B75C-98144C68D1E4_1_201_a-300x222.jpeg\",\"keywords\":[\"Exposition\",\"Mus\u00e9e\",\"Nice\"],\"articleSection\":[\"Mus\u00e9e\"],\"inLanguage\":\"fr-FR\",\"potentialAction\":[{\"@type\":\"CommentAction\",\"name\":\"Comment\",\"target\":[\"http:\\\/\\\/blog.nojo.fr\\\/index.php\\\/2023\\\/01\\\/22\\\/visite-de-lexposition-hokusai-voyage-au-pied-du-mont-fuji\\\/#respond\"]}]},{\"@type\":\"WebPage\",\"@id\":\"http:\\\/\\\/blog.nojo.fr\\\/index.php\\\/2023\\\/01\\\/22\\\/visite-de-lexposition-hokusai-voyage-au-pied-du-mont-fuji\\\/\",\"url\":\"http:\\\/\\\/blog.nojo.fr\\\/index.php\\\/2023\\\/01\\\/22\\\/visite-de-lexposition-hokusai-voyage-au-pied-du-mont-fuji\\\/\",\"name\":\"Visite de l'exposition \\\"Hokusai \u2013 Voyage au pied du mont Fuji\\\" - Le blog de Sergiodadi\",\"isPartOf\":{\"@id\":\"http:\\\/\\\/blog.nojo.fr\\\/#website\"},\"primaryImageOfPage\":{\"@id\":\"http:\\\/\\\/blog.nojo.fr\\\/index.php\\\/2023\\\/01\\\/22\\\/visite-de-lexposition-hokusai-voyage-au-pied-du-mont-fuji\\\/#primaryimage\"},\"image\":{\"@id\":\"http:\\\/\\\/blog.nojo.fr\\\/index.php\\\/2023\\\/01\\\/22\\\/visite-de-lexposition-hokusai-voyage-au-pied-du-mont-fuji\\\/#primaryimage\"},\"thumbnailUrl\":\"http:\\\/\\\/blog.nojo.fr\\\/wp-content\\\/uploads\\\/2023\\\/01\\\/1FEF166E-AB89-4A51-B75C-98144C68D1E4_1_201_a-300x222.jpeg\",\"datePublished\":\"2023-01-22T16:55:01+00:00\",\"dateModified\":\"2023-01-26T16:55:20+00:00\",\"author\":{\"@id\":\"http:\\\/\\\/blog.nojo.fr\\\/#\\\/schema\\\/person\\\/707d71280d1614570f9444dc005cccd0\"},\"breadcrumb\":{\"@id\":\"http:\\\/\\\/blog.nojo.fr\\\/index.php\\\/2023\\\/01\\\/22\\\/visite-de-lexposition-hokusai-voyage-au-pied-du-mont-fuji\\\/#breadcrumb\"},\"inLanguage\":\"fr-FR\",\"potentialAction\":[{\"@type\":\"ReadAction\",\"target\":[\"http:\\\/\\\/blog.nojo.fr\\\/index.php\\\/2023\\\/01\\\/22\\\/visite-de-lexposition-hokusai-voyage-au-pied-du-mont-fuji\\\/\"]}]},{\"@type\":\"ImageObject\",\"inLanguage\":\"fr-FR\",\"@id\":\"http:\\\/\\\/blog.nojo.fr\\\/index.php\\\/2023\\\/01\\\/22\\\/visite-de-lexposition-hokusai-voyage-au-pied-du-mont-fuji\\\/#primaryimage\",\"url\":\"http:\\\/\\\/blog.nojo.fr\\\/wp-content\\\/uploads\\\/2023\\\/01\\\/1FEF166E-AB89-4A51-B75C-98144C68D1E4_1_201_a-300x222.jpeg\",\"contentUrl\":\"http:\\\/\\\/blog.nojo.fr\\\/wp-content\\\/uploads\\\/2023\\\/01\\\/1FEF166E-AB89-4A51-B75C-98144C68D1E4_1_201_a-300x222.jpeg\"},{\"@type\":\"BreadcrumbList\",\"@id\":\"http:\\\/\\\/blog.nojo.fr\\\/index.php\\\/2023\\\/01\\\/22\\\/visite-de-lexposition-hokusai-voyage-au-pied-du-mont-fuji\\\/#breadcrumb\",\"itemListElement\":[{\"@type\":\"ListItem\",\"position\":1,\"name\":\"Home\",\"item\":\"http:\\\/\\\/blog.nojo.fr\\\/\"},{\"@type\":\"ListItem\",\"position\":2,\"name\":\"Visite de l&#8217;exposition &#8220;Hokusai \u2013 Voyage au pied du mont Fuji&#8221;\"}]},{\"@type\":\"WebSite\",\"@id\":\"http:\\\/\\\/blog.nojo.fr\\\/#website\",\"url\":\"http:\\\/\\\/blog.nojo.fr\\\/\",\"name\":\"Le blog de Sergiodadi\",\"description\":\"Un peu de tout\u2026 Musique, Livres, Amis, Mus\u00e9es, Spectacles\u2026\",\"potentialAction\":[{\"@type\":\"SearchAction\",\"target\":{\"@type\":\"EntryPoint\",\"urlTemplate\":\"http:\\\/\\\/blog.nojo.fr\\\/?s={search_term_string}\"},\"query-input\":{\"@type\":\"PropertyValueSpecification\",\"valueRequired\":true,\"valueName\":\"search_term_string\"}}],\"inLanguage\":\"fr-FR\"},{\"@type\":\"Person\",\"@id\":\"http:\\\/\\\/blog.nojo.fr\\\/#\\\/schema\\\/person\\\/707d71280d1614570f9444dc005cccd0\",\"name\":\"admin-serge\",\"image\":{\"@type\":\"ImageObject\",\"inLanguage\":\"fr-FR\",\"@id\":\"https:\\\/\\\/secure.gravatar.com\\\/avatar\\\/8e91f94c902d837af08d31aa84904cd69aba8327cfda178714a55a31e57dace2?s=96&d=mm&r=g\",\"url\":\"https:\\\/\\\/secure.gravatar.com\\\/avatar\\\/8e91f94c902d837af08d31aa84904cd69aba8327cfda178714a55a31e57dace2?s=96&d=mm&r=g\",\"contentUrl\":\"https:\\\/\\\/secure.gravatar.com\\\/avatar\\\/8e91f94c902d837af08d31aa84904cd69aba8327cfda178714a55a31e57dace2?s=96&d=mm&r=g\",\"caption\":\"admin-serge\"},\"sameAs\":[\"http:\\\/\\\/blog-4.nojo.fr\"],\"url\":\"http:\\\/\\\/blog.nojo.fr\\\/index.php\\\/author\\\/admin-serge\\\/\"}]}<\/script>\n<!-- \/ Yoast SEO plugin. -->","yoast_head_json":{"title":"Visite de l'exposition \"Hokusai \u2013 Voyage au pied du mont Fuji\" - Le blog de Sergiodadi","robots":{"index":"index","follow":"follow","max-snippet":"max-snippet:-1","max-image-preview":"max-image-preview:large","max-video-preview":"max-video-preview:-1"},"canonical":"http:\/\/blog.nojo.fr\/index.php\/2023\/01\/22\/visite-de-lexposition-hokusai-voyage-au-pied-du-mont-fuji\/","og_locale":"fr_FR","og_type":"article","og_title":"Visite de l'exposition \"Hokusai \u2013 Voyage au pied du mont Fuji\" - Le blog de Sergiodadi","og_description":"&nbsp; Visite de l&#8217;exposition &#8220;Hokusai \u2013 Voyage au pied du mont Fuji&#8221; au mus\u00e9e des Arts Asiatiques de Nice. &nbsp; Hokusai \u2013 Voyage au pied du mont Fuji &nbsp; Qui ne conna\u00eet pas Hokusai et sa Vague ? Tout un chacun a vu au moins une fois dans sa vie, sous une forme ou une [&hellip;]","og_url":"http:\/\/blog.nojo.fr\/index.php\/2023\/01\/22\/visite-de-lexposition-hokusai-voyage-au-pied-du-mont-fuji\/","og_site_name":"Le blog de Sergiodadi","article_published_time":"2023-01-22T16:55:01+00:00","article_modified_time":"2023-01-26T16:55:20+00:00","og_image":[{"url":"http:\/\/blog.nojo.fr\/wp-content\/uploads\/2023\/01\/1FEF166E-AB89-4A51-B75C-98144C68D1E4_1_201_a-300x222.jpeg","type":"","width":"","height":""}],"author":"admin-serge","twitter_card":"summary_large_image","twitter_misc":{"\u00c9crit par":"admin-serge","Dur\u00e9e de lecture estim\u00e9e":"10 minutes"},"schema":{"@context":"https:\/\/schema.org","@graph":[{"@type":"Article","@id":"http:\/\/blog.nojo.fr\/index.php\/2023\/01\/22\/visite-de-lexposition-hokusai-voyage-au-pied-du-mont-fuji\/#article","isPartOf":{"@id":"http:\/\/blog.nojo.fr\/index.php\/2023\/01\/22\/visite-de-lexposition-hokusai-voyage-au-pied-du-mont-fuji\/"},"author":{"name":"admin-serge","@id":"http:\/\/blog.nojo.fr\/#\/schema\/person\/707d71280d1614570f9444dc005cccd0"},"headline":"Visite de l&#8217;exposition &#8220;Hokusai \u2013 Voyage au pied du mont Fuji&#8221;","datePublished":"2023-01-22T16:55:01+00:00","dateModified":"2023-01-26T16:55:20+00:00","mainEntityOfPage":{"@id":"http:\/\/blog.nojo.fr\/index.php\/2023\/01\/22\/visite-de-lexposition-hokusai-voyage-au-pied-du-mont-fuji\/"},"wordCount":2020,"commentCount":0,"image":{"@id":"http:\/\/blog.nojo.fr\/index.php\/2023\/01\/22\/visite-de-lexposition-hokusai-voyage-au-pied-du-mont-fuji\/#primaryimage"},"thumbnailUrl":"http:\/\/blog.nojo.fr\/wp-content\/uploads\/2023\/01\/1FEF166E-AB89-4A51-B75C-98144C68D1E4_1_201_a-300x222.jpeg","keywords":["Exposition","Mus\u00e9e","Nice"],"articleSection":["Mus\u00e9e"],"inLanguage":"fr-FR","potentialAction":[{"@type":"CommentAction","name":"Comment","target":["http:\/\/blog.nojo.fr\/index.php\/2023\/01\/22\/visite-de-lexposition-hokusai-voyage-au-pied-du-mont-fuji\/#respond"]}]},{"@type":"WebPage","@id":"http:\/\/blog.nojo.fr\/index.php\/2023\/01\/22\/visite-de-lexposition-hokusai-voyage-au-pied-du-mont-fuji\/","url":"http:\/\/blog.nojo.fr\/index.php\/2023\/01\/22\/visite-de-lexposition-hokusai-voyage-au-pied-du-mont-fuji\/","name":"Visite de l'exposition \"Hokusai \u2013 Voyage au pied du mont Fuji\" - Le blog de Sergiodadi","isPartOf":{"@id":"http:\/\/blog.nojo.fr\/#website"},"primaryImageOfPage":{"@id":"http:\/\/blog.nojo.fr\/index.php\/2023\/01\/22\/visite-de-lexposition-hokusai-voyage-au-pied-du-mont-fuji\/#primaryimage"},"image":{"@id":"http:\/\/blog.nojo.fr\/index.php\/2023\/01\/22\/visite-de-lexposition-hokusai-voyage-au-pied-du-mont-fuji\/#primaryimage"},"thumbnailUrl":"http:\/\/blog.nojo.fr\/wp-content\/uploads\/2023\/01\/1FEF166E-AB89-4A51-B75C-98144C68D1E4_1_201_a-300x222.jpeg","datePublished":"2023-01-22T16:55:01+00:00","dateModified":"2023-01-26T16:55:20+00:00","author":{"@id":"http:\/\/blog.nojo.fr\/#\/schema\/person\/707d71280d1614570f9444dc005cccd0"},"breadcrumb":{"@id":"http:\/\/blog.nojo.fr\/index.php\/2023\/01\/22\/visite-de-lexposition-hokusai-voyage-au-pied-du-mont-fuji\/#breadcrumb"},"inLanguage":"fr-FR","potentialAction":[{"@type":"ReadAction","target":["http:\/\/blog.nojo.fr\/index.php\/2023\/01\/22\/visite-de-lexposition-hokusai-voyage-au-pied-du-mont-fuji\/"]}]},{"@type":"ImageObject","inLanguage":"fr-FR","@id":"http:\/\/blog.nojo.fr\/index.php\/2023\/01\/22\/visite-de-lexposition-hokusai-voyage-au-pied-du-mont-fuji\/#primaryimage","url":"http:\/\/blog.nojo.fr\/wp-content\/uploads\/2023\/01\/1FEF166E-AB89-4A51-B75C-98144C68D1E4_1_201_a-300x222.jpeg","contentUrl":"http:\/\/blog.nojo.fr\/wp-content\/uploads\/2023\/01\/1FEF166E-AB89-4A51-B75C-98144C68D1E4_1_201_a-300x222.jpeg"},{"@type":"BreadcrumbList","@id":"http:\/\/blog.nojo.fr\/index.php\/2023\/01\/22\/visite-de-lexposition-hokusai-voyage-au-pied-du-mont-fuji\/#breadcrumb","itemListElement":[{"@type":"ListItem","position":1,"name":"Home","item":"http:\/\/blog.nojo.fr\/"},{"@type":"ListItem","position":2,"name":"Visite de l&#8217;exposition &#8220;Hokusai \u2013 Voyage au pied du mont Fuji&#8221;"}]},{"@type":"WebSite","@id":"http:\/\/blog.nojo.fr\/#website","url":"http:\/\/blog.nojo.fr\/","name":"Le blog de Sergiodadi","description":"Un peu de tout\u2026 Musique, Livres, Amis, Mus\u00e9es, Spectacles\u2026","potentialAction":[{"@type":"SearchAction","target":{"@type":"EntryPoint","urlTemplate":"http:\/\/blog.nojo.fr\/?s={search_term_string}"},"query-input":{"@type":"PropertyValueSpecification","valueRequired":true,"valueName":"search_term_string"}}],"inLanguage":"fr-FR"},{"@type":"Person","@id":"http:\/\/blog.nojo.fr\/#\/schema\/person\/707d71280d1614570f9444dc005cccd0","name":"admin-serge","image":{"@type":"ImageObject","inLanguage":"fr-FR","@id":"https:\/\/secure.gravatar.com\/avatar\/8e91f94c902d837af08d31aa84904cd69aba8327cfda178714a55a31e57dace2?s=96&d=mm&r=g","url":"https:\/\/secure.gravatar.com\/avatar\/8e91f94c902d837af08d31aa84904cd69aba8327cfda178714a55a31e57dace2?s=96&d=mm&r=g","contentUrl":"https:\/\/secure.gravatar.com\/avatar\/8e91f94c902d837af08d31aa84904cd69aba8327cfda178714a55a31e57dace2?s=96&d=mm&r=g","caption":"admin-serge"},"sameAs":["http:\/\/blog-4.nojo.fr"],"url":"http:\/\/blog.nojo.fr\/index.php\/author\/admin-serge\/"}]}},"_links":{"self":[{"href":"http:\/\/blog.nojo.fr\/index.php\/wp-json\/wp\/v2\/posts\/24017","targetHints":{"allow":["GET"]}}],"collection":[{"href":"http:\/\/blog.nojo.fr\/index.php\/wp-json\/wp\/v2\/posts"}],"about":[{"href":"http:\/\/blog.nojo.fr\/index.php\/wp-json\/wp\/v2\/types\/post"}],"author":[{"embeddable":true,"href":"http:\/\/blog.nojo.fr\/index.php\/wp-json\/wp\/v2\/users\/1"}],"replies":[{"embeddable":true,"href":"http:\/\/blog.nojo.fr\/index.php\/wp-json\/wp\/v2\/comments?post=24017"}],"version-history":[{"count":4,"href":"http:\/\/blog.nojo.fr\/index.php\/wp-json\/wp\/v2\/posts\/24017\/revisions"}],"predecessor-version":[{"id":24022,"href":"http:\/\/blog.nojo.fr\/index.php\/wp-json\/wp\/v2\/posts\/24017\/revisions\/24022"}],"wp:attachment":[{"href":"http:\/\/blog.nojo.fr\/index.php\/wp-json\/wp\/v2\/media?parent=24017"}],"wp:term":[{"taxonomy":"category","embeddable":true,"href":"http:\/\/blog.nojo.fr\/index.php\/wp-json\/wp\/v2\/categories?post=24017"},{"taxonomy":"post_tag","embeddable":true,"href":"http:\/\/blog.nojo.fr\/index.php\/wp-json\/wp\/v2\/tags?post=24017"}],"curies":[{"name":"wp","href":"https:\/\/api.w.org\/{rel}","templated":true}]}}