{"id":25207,"date":"2023-11-18T18:57:20","date_gmt":"2023-11-18T17:57:20","guid":{"rendered":"https:\/\/blog.nojo.fr\/?p=25207"},"modified":"2023-11-18T18:57:20","modified_gmt":"2023-11-18T17:57:20","slug":"visite-de-lexposition-catherine-segurane","status":"publish","type":"post","link":"http:\/\/blog.nojo.fr\/index.php\/2023\/11\/18\/visite-de-lexposition-catherine-segurane\/","title":{"rendered":"Visite de l&#8217;exposition &#8220;Catherine S\u00e9gurane&#8221;"},"content":{"rendered":"<div class=\"xdj266r x11i5rnm xat24cr x1mh8g0r x1vvkbs x126k92a\">\n<div dir=\"auto\"><img loading=\"lazy\" decoding=\"async\" class=\"alignnone size-medium wp-image-25208\" src=\"http:\/\/blog.nojo.fr\/wp-content\/uploads\/2023\/11\/IMG_6248-300x217.jpeg\" alt=\"Exposition Catherine S\u00e9gurane\" width=\"300\" height=\"217\" srcset=\"http:\/\/blog.nojo.fr\/wp-content\/uploads\/2023\/11\/IMG_6248-300x217.jpeg 300w, http:\/\/blog.nojo.fr\/wp-content\/uploads\/2023\/11\/IMG_6248-1024x740.jpeg 1024w, http:\/\/blog.nojo.fr\/wp-content\/uploads\/2023\/11\/IMG_6248-768x555.jpeg 768w, http:\/\/blog.nojo.fr\/wp-content\/uploads\/2023\/11\/IMG_6248-1536x1110.jpeg 1536w, http:\/\/blog.nojo.fr\/wp-content\/uploads\/2023\/11\/IMG_6248-2048x1480.jpeg 2048w, http:\/\/blog.nojo.fr\/wp-content\/uploads\/2023\/11\/IMG_6248-624x451.jpeg 624w\" sizes=\"auto, (max-width: 300px) 100vw, 300px\" \/><\/div>\n<div dir=\"auto\">`<\/div>\n<div dir=\"auto\">Visite de l&#8217;exposition &#8220;H\u00e9ro\u00efque <strong><a href=\"https:\/\/fr.wikipedia.org\/wiki\/Catherine_S\u00e9gurane\">Catherine S\u00e9gurane<\/a>.<\/strong> Figure l\u00e9gendaire de Nice&#8221; au mus\u00e9e <a class=\"x1i10hfl xjbqb8w x6umtig x1b1mbwd xaqea5y xav7gou x9f619 x1ypdohk xt0psk2 xe8uvvx xdj266r x11i5rnm xat24cr x1mh8g0r xexx8yu x4uap5 x18d9i69 xkhd6sd x16tdsg8 x1hl2dhg xggy1nq x1a2a7pz xt0b8zv x1qq9wsj xo1l8bm\" tabindex=\"0\" role=\"link\" href=\"https:\/\/www.facebook.com\/museemassena?__cft__[0]=AZWDfeerF9bKy1gEjvv_-gaq5P_j3JLx_xLGBruwMTbKnynv9o55bx2fge1HiB4ZSlMqRH3NgfmACqTbSCNro1V-5DBHTPNzKiWcf3b4_ZVIlZY7xvbhBTne5gog7_M54Ww&amp;__tn__=-]K-R\"><span class=\"xt0psk2\">Mus\u00e9e Mass\u00e9na<\/span><\/a><\/div>\n<\/div>\n<div class=\"x11i5rnm xat24cr x1mh8g0r x1vvkbs xtlvy1s x126k92a\">\n<div dir=\"auto\">&nbsp;<\/div>\n<div dir=\"auto\">Plongez-vous dans un chapitre m\u00e9morable de l&#8217;histoire de Nice au cours duquel une audacieuse h\u00e9ro\u00efne ni\u00e7oise aurait r\u00e9sist\u00e9 \u00e0 l&#8217;assaut ennemi.<\/div>\n<div dir=\"auto\">&nbsp;<\/div>\n<\/div>\n<p><!--more--><\/p>\n<div class=\"x11i5rnm xat24cr x1mh8g0r x1vvkbs xtlvy1s x126k92a\">\n<div dir=\"auto\">ngg_shortcode_0_placeholder<\/div>\n<div dir=\"auto\">&nbsp;<\/div>\n<div dir=\"auto\">En 1543, Nice, sous la souverainet\u00e9 du duc de Savoie, a \u00e9t\u00e9 le th\u00e9\u00e2tre d&#8217;un si\u00e8ge acharn\u00e9 men\u00e9 par les arm\u00e9es franco-ottomanes. Ces mois critiques ont laiss\u00e9 une empreinte ind\u00e9l\u00e9bile dans la m\u00e9moire de la ville. Au c\u0153ur de cette \u00e9pop\u00e9e, <a href=\"https:\/\/fr.wikipedia.org\/wiki\/Catherine_S\u00e9gurane\"><strong>Catherine S\u00e9gurane<\/strong><\/a>, une figure l\u00e9gendaire, aurait repouss\u00e9 l&#8217;ennemi avec une bravoure in\u00e9gal\u00e9e, le 15 ao\u00fbt 1543. Son nom r\u00e9sonne toujours comme un symbole de la r\u00e9sistance ni\u00e7oise face \u00e0 l&#8217;adversit\u00e9.<\/div>\n<\/div>\n<div class=\"x11i5rnm xat24cr x1mh8g0r x1vvkbs xtlvy1s x126k92a\">\n<div dir=\"auto\">Cette exposition vous invite \u00e0 explorer les \u00e9v\u00e9nements et les personnages qui ont fa\u00e7onn\u00e9 ce si\u00e8ge historique.<\/div>\n<div dir=\"auto\">&nbsp;<\/div>\n<div dir=\"auto\">D\u00e9couvrez les r\u00e9cits et les t\u00e9moignages qui ont travers\u00e9 les si\u00e8cles pour \u00e9clairer notre compr\u00e9hension de cette \u00e9poque tumultueuse.<\/div>\n<\/div>\n<div class=\"x11i5rnm xat24cr x1mh8g0r x1vvkbs xtlvy1s x126k92a\">\n<div dir=\"auto\">Plongez-vous dans la l\u00e9gende de <a href=\"https:\/\/fr.wikipedia.org\/wiki\/Catherine_S\u00e9gurane\"><strong>Catherine S\u00e9gurane<\/strong><\/a>, son courage indomptable et son impact durable sur la m\u00e9moire collective ni\u00e7oise.<\/div>\n<div dir=\"auto\">&nbsp;<\/div>\n<\/div>\n<div class=\"x11i5rnm xat24cr x1mh8g0r x1vvkbs xtlvy1s x126k92a\">\n<div dir=\"auto\">Voyagez dans le temps avec nous et ressentez la force de la r\u00e9sistance qui anime toujours les habitants de Nice.<\/div>\n<div dir=\"auto\">&nbsp;<\/div>\n<div dir=\"auto\">C\u00e9l\u00e9brons ensemble les 480 ans de cet \u00e9v\u00e9nement fondateur et honorons l&#8217;h\u00e9ritage inestimable de <a href=\"https:\/\/fr.wikipedia.org\/wiki\/Catherine_S\u00e9gurane\"><strong>Catherine S\u00e9gurane<\/strong><\/a>, une ic\u00f4ne de d\u00e9termination et de t\u00e9nacit\u00e9.<\/div>\n<\/div>\n","protected":false},"excerpt":{"rendered":"<p>` Visite de l&#8217;exposition &#8220;H\u00e9ro\u00efque Catherine S\u00e9gurane. Figure l\u00e9gendaire de Nice&#8221; au mus\u00e9e Mus\u00e9e Mass\u00e9na &nbsp; Plongez-vous dans un chapitre m\u00e9morable de l&#8217;histoire de Nice au cours duquel une audacieuse h\u00e9ro\u00efne ni\u00e7oise aurait r\u00e9sist\u00e9 \u00e0 l&#8217;assaut ennemi. &nbsp;<\/p>\n","protected":false},"author":1,"featured_media":0,"comment_status":"open","ping_status":"open","sticky":false,"template":"","format":"standard","meta":{"wikipediapreview_detectlinks":true,"ngg_post_thumbnail":0,"footnotes":""},"categories":[10],"tags":[34,42,44],"class_list":["post-25207","post","type-post","status-publish","format-standard","hentry","category-musee","tag-exposition","tag-musee","tag-nice"],"yoast_head":"<!-- This site is optimized with the Yoast SEO plugin v27.4 - https:\/\/yoast.com\/product\/yoast-seo-wordpress\/ -->\n<title>Visite de l&#039;exposition &quot;Catherine S\u00e9gurane&quot; - Le blog de Sergiodadi<\/title>\n<meta name=\"robots\" content=\"index, follow, max-snippet:-1, max-image-preview:large, max-video-preview:-1\" \/>\n<link rel=\"canonical\" href=\"http:\/\/blog.nojo.fr\/index.php\/2023\/11\/18\/visite-de-lexposition-catherine-segurane\/\" \/>\n<meta property=\"og:locale\" content=\"fr_FR\" \/>\n<meta property=\"og:type\" content=\"article\" \/>\n<meta property=\"og:title\" content=\"Visite de l&#039;exposition &quot;Catherine S\u00e9gurane&quot; - Le blog de Sergiodadi\" \/>\n<meta property=\"og:description\" content=\"` Visite de l&#8217;exposition &#8220;H\u00e9ro\u00efque Catherine S\u00e9gurane. Figure l\u00e9gendaire de Nice&#8221; au mus\u00e9e Mus\u00e9e Mass\u00e9na &nbsp; Plongez-vous dans un chapitre m\u00e9morable de l&#8217;histoire de Nice au cours duquel une audacieuse h\u00e9ro\u00efne ni\u00e7oise aurait r\u00e9sist\u00e9 \u00e0 l&#8217;assaut ennemi. &nbsp;\" \/>\n<meta property=\"og:url\" content=\"http:\/\/blog.nojo.fr\/index.php\/2023\/11\/18\/visite-de-lexposition-catherine-segurane\/\" \/>\n<meta property=\"og:site_name\" content=\"Le blog de Sergiodadi\" \/>\n<meta property=\"article:published_time\" content=\"2023-11-18T17:57:20+00:00\" \/>\n<meta property=\"og:image\" content=\"http:\/\/blog.nojo.fr\/wp-content\/uploads\/2023\/11\/IMG_6248-300x217.jpeg\" \/>\n<meta name=\"author\" content=\"admin-serge\" \/>\n<meta name=\"twitter:card\" content=\"summary_large_image\" \/>\n<meta name=\"twitter:label1\" content=\"\u00c9crit par\" \/>\n\t<meta name=\"twitter:data1\" content=\"admin-serge\" \/>\n\t<meta name=\"twitter:label2\" content=\"Dur\u00e9e de lecture estim\u00e9e\" \/>\n\t<meta name=\"twitter:data2\" content=\"2 minutes\" \/>\n<script type=\"application\/ld+json\" class=\"yoast-schema-graph\">{\"@context\":\"https:\\\/\\\/schema.org\",\"@graph\":[{\"@type\":\"Article\",\"@id\":\"http:\\\/\\\/blog.nojo.fr\\\/index.php\\\/2023\\\/11\\\/18\\\/visite-de-lexposition-catherine-segurane\\\/#article\",\"isPartOf\":{\"@id\":\"http:\\\/\\\/blog.nojo.fr\\\/index.php\\\/2023\\\/11\\\/18\\\/visite-de-lexposition-catherine-segurane\\\/\"},\"author\":{\"name\":\"admin-serge\",\"@id\":\"http:\\\/\\\/blog.nojo.fr\\\/#\\\/schema\\\/person\\\/707d71280d1614570f9444dc005cccd0\"},\"headline\":\"Visite de l&#8217;exposition &#8220;Catherine S\u00e9gurane&#8221;\",\"datePublished\":\"2023-11-18T17:57:20+00:00\",\"mainEntityOfPage\":{\"@id\":\"http:\\\/\\\/blog.nojo.fr\\\/index.php\\\/2023\\\/11\\\/18\\\/visite-de-lexposition-catherine-segurane\\\/\"},\"wordCount\":275,\"commentCount\":0,\"image\":{\"@id\":\"http:\\\/\\\/blog.nojo.fr\\\/index.php\\\/2023\\\/11\\\/18\\\/visite-de-lexposition-catherine-segurane\\\/#primaryimage\"},\"thumbnailUrl\":\"http:\\\/\\\/blog.nojo.fr\\\/wp-content\\\/uploads\\\/2023\\\/11\\\/IMG_6248-300x217.jpeg\",\"keywords\":[\"Exposition\",\"Mus\u00e9e\",\"Nice\"],\"articleSection\":[\"Mus\u00e9e\"],\"inLanguage\":\"fr-FR\",\"potentialAction\":[{\"@type\":\"CommentAction\",\"name\":\"Comment\",\"target\":[\"http:\\\/\\\/blog.nojo.fr\\\/index.php\\\/2023\\\/11\\\/18\\\/visite-de-lexposition-catherine-segurane\\\/#respond\"]}]},{\"@type\":\"WebPage\",\"@id\":\"http:\\\/\\\/blog.nojo.fr\\\/index.php\\\/2023\\\/11\\\/18\\\/visite-de-lexposition-catherine-segurane\\\/\",\"url\":\"http:\\\/\\\/blog.nojo.fr\\\/index.php\\\/2023\\\/11\\\/18\\\/visite-de-lexposition-catherine-segurane\\\/\",\"name\":\"Visite de l'exposition \\\"Catherine S\u00e9gurane\\\" - Le blog de Sergiodadi\",\"isPartOf\":{\"@id\":\"http:\\\/\\\/blog.nojo.fr\\\/#website\"},\"primaryImageOfPage\":{\"@id\":\"http:\\\/\\\/blog.nojo.fr\\\/index.php\\\/2023\\\/11\\\/18\\\/visite-de-lexposition-catherine-segurane\\\/#primaryimage\"},\"image\":{\"@id\":\"http:\\\/\\\/blog.nojo.fr\\\/index.php\\\/2023\\\/11\\\/18\\\/visite-de-lexposition-catherine-segurane\\\/#primaryimage\"},\"thumbnailUrl\":\"http:\\\/\\\/blog.nojo.fr\\\/wp-content\\\/uploads\\\/2023\\\/11\\\/IMG_6248-300x217.jpeg\",\"datePublished\":\"2023-11-18T17:57:20+00:00\",\"author\":{\"@id\":\"http:\\\/\\\/blog.nojo.fr\\\/#\\\/schema\\\/person\\\/707d71280d1614570f9444dc005cccd0\"},\"breadcrumb\":{\"@id\":\"http:\\\/\\\/blog.nojo.fr\\\/index.php\\\/2023\\\/11\\\/18\\\/visite-de-lexposition-catherine-segurane\\\/#breadcrumb\"},\"inLanguage\":\"fr-FR\",\"potentialAction\":[{\"@type\":\"ReadAction\",\"target\":[\"http:\\\/\\\/blog.nojo.fr\\\/index.php\\\/2023\\\/11\\\/18\\\/visite-de-lexposition-catherine-segurane\\\/\"]}]},{\"@type\":\"ImageObject\",\"inLanguage\":\"fr-FR\",\"@id\":\"http:\\\/\\\/blog.nojo.fr\\\/index.php\\\/2023\\\/11\\\/18\\\/visite-de-lexposition-catherine-segurane\\\/#primaryimage\",\"url\":\"http:\\\/\\\/blog.nojo.fr\\\/wp-content\\\/uploads\\\/2023\\\/11\\\/IMG_6248-scaled.jpeg\",\"contentUrl\":\"http:\\\/\\\/blog.nojo.fr\\\/wp-content\\\/uploads\\\/2023\\\/11\\\/IMG_6248-scaled.jpeg\",\"width\":2560,\"height\":1851,\"caption\":\"Exposition Catherine S\u00e9gurane\"},{\"@type\":\"BreadcrumbList\",\"@id\":\"http:\\\/\\\/blog.nojo.fr\\\/index.php\\\/2023\\\/11\\\/18\\\/visite-de-lexposition-catherine-segurane\\\/#breadcrumb\",\"itemListElement\":[{\"@type\":\"ListItem\",\"position\":1,\"name\":\"Home\",\"item\":\"http:\\\/\\\/blog.nojo.fr\\\/\"},{\"@type\":\"ListItem\",\"position\":2,\"name\":\"Visite de l&#8217;exposition &#8220;Catherine S\u00e9gurane&#8221;\"}]},{\"@type\":\"WebSite\",\"@id\":\"http:\\\/\\\/blog.nojo.fr\\\/#website\",\"url\":\"http:\\\/\\\/blog.nojo.fr\\\/\",\"name\":\"Le blog de Sergiodadi\",\"description\":\"Un peu de tout\u2026 Musique, Livres, Amis, Mus\u00e9es, Spectacles\u2026\",\"potentialAction\":[{\"@type\":\"SearchAction\",\"target\":{\"@type\":\"EntryPoint\",\"urlTemplate\":\"http:\\\/\\\/blog.nojo.fr\\\/?s={search_term_string}\"},\"query-input\":{\"@type\":\"PropertyValueSpecification\",\"valueRequired\":true,\"valueName\":\"search_term_string\"}}],\"inLanguage\":\"fr-FR\"},{\"@type\":\"Person\",\"@id\":\"http:\\\/\\\/blog.nojo.fr\\\/#\\\/schema\\\/person\\\/707d71280d1614570f9444dc005cccd0\",\"name\":\"admin-serge\",\"image\":{\"@type\":\"ImageObject\",\"inLanguage\":\"fr-FR\",\"@id\":\"https:\\\/\\\/secure.gravatar.com\\\/avatar\\\/8e91f94c902d837af08d31aa84904cd69aba8327cfda178714a55a31e57dace2?s=96&d=mm&r=g\",\"url\":\"https:\\\/\\\/secure.gravatar.com\\\/avatar\\\/8e91f94c902d837af08d31aa84904cd69aba8327cfda178714a55a31e57dace2?s=96&d=mm&r=g\",\"contentUrl\":\"https:\\\/\\\/secure.gravatar.com\\\/avatar\\\/8e91f94c902d837af08d31aa84904cd69aba8327cfda178714a55a31e57dace2?s=96&d=mm&r=g\",\"caption\":\"admin-serge\"},\"sameAs\":[\"http:\\\/\\\/blog-4.nojo.fr\"],\"url\":\"http:\\\/\\\/blog.nojo.fr\\\/index.php\\\/author\\\/admin-serge\\\/\"}]}<\/script>\n<!-- \/ Yoast SEO plugin. -->","yoast_head_json":{"title":"Visite de l'exposition \"Catherine S\u00e9gurane\" - Le blog de Sergiodadi","robots":{"index":"index","follow":"follow","max-snippet":"max-snippet:-1","max-image-preview":"max-image-preview:large","max-video-preview":"max-video-preview:-1"},"canonical":"http:\/\/blog.nojo.fr\/index.php\/2023\/11\/18\/visite-de-lexposition-catherine-segurane\/","og_locale":"fr_FR","og_type":"article","og_title":"Visite de l'exposition \"Catherine S\u00e9gurane\" - Le blog de Sergiodadi","og_description":"` Visite de l&#8217;exposition &#8220;H\u00e9ro\u00efque Catherine S\u00e9gurane. Figure l\u00e9gendaire de Nice&#8221; au mus\u00e9e Mus\u00e9e Mass\u00e9na &nbsp; Plongez-vous dans un chapitre m\u00e9morable de l&#8217;histoire de Nice au cours duquel une audacieuse h\u00e9ro\u00efne ni\u00e7oise aurait r\u00e9sist\u00e9 \u00e0 l&#8217;assaut ennemi. &nbsp;","og_url":"http:\/\/blog.nojo.fr\/index.php\/2023\/11\/18\/visite-de-lexposition-catherine-segurane\/","og_site_name":"Le blog de Sergiodadi","article_published_time":"2023-11-18T17:57:20+00:00","og_image":[{"url":"http:\/\/blog.nojo.fr\/wp-content\/uploads\/2023\/11\/IMG_6248-300x217.jpeg","type":"","width":"","height":""}],"author":"admin-serge","twitter_card":"summary_large_image","twitter_misc":{"\u00c9crit par":"admin-serge","Dur\u00e9e de lecture estim\u00e9e":"2 minutes"},"schema":{"@context":"https:\/\/schema.org","@graph":[{"@type":"Article","@id":"http:\/\/blog.nojo.fr\/index.php\/2023\/11\/18\/visite-de-lexposition-catherine-segurane\/#article","isPartOf":{"@id":"http:\/\/blog.nojo.fr\/index.php\/2023\/11\/18\/visite-de-lexposition-catherine-segurane\/"},"author":{"name":"admin-serge","@id":"http:\/\/blog.nojo.fr\/#\/schema\/person\/707d71280d1614570f9444dc005cccd0"},"headline":"Visite de l&#8217;exposition &#8220;Catherine S\u00e9gurane&#8221;","datePublished":"2023-11-18T17:57:20+00:00","mainEntityOfPage":{"@id":"http:\/\/blog.nojo.fr\/index.php\/2023\/11\/18\/visite-de-lexposition-catherine-segurane\/"},"wordCount":275,"commentCount":0,"image":{"@id":"http:\/\/blog.nojo.fr\/index.php\/2023\/11\/18\/visite-de-lexposition-catherine-segurane\/#primaryimage"},"thumbnailUrl":"http:\/\/blog.nojo.fr\/wp-content\/uploads\/2023\/11\/IMG_6248-300x217.jpeg","keywords":["Exposition","Mus\u00e9e","Nice"],"articleSection":["Mus\u00e9e"],"inLanguage":"fr-FR","potentialAction":[{"@type":"CommentAction","name":"Comment","target":["http:\/\/blog.nojo.fr\/index.php\/2023\/11\/18\/visite-de-lexposition-catherine-segurane\/#respond"]}]},{"@type":"WebPage","@id":"http:\/\/blog.nojo.fr\/index.php\/2023\/11\/18\/visite-de-lexposition-catherine-segurane\/","url":"http:\/\/blog.nojo.fr\/index.php\/2023\/11\/18\/visite-de-lexposition-catherine-segurane\/","name":"Visite de l'exposition \"Catherine S\u00e9gurane\" - Le blog de Sergiodadi","isPartOf":{"@id":"http:\/\/blog.nojo.fr\/#website"},"primaryImageOfPage":{"@id":"http:\/\/blog.nojo.fr\/index.php\/2023\/11\/18\/visite-de-lexposition-catherine-segurane\/#primaryimage"},"image":{"@id":"http:\/\/blog.nojo.fr\/index.php\/2023\/11\/18\/visite-de-lexposition-catherine-segurane\/#primaryimage"},"thumbnailUrl":"http:\/\/blog.nojo.fr\/wp-content\/uploads\/2023\/11\/IMG_6248-300x217.jpeg","datePublished":"2023-11-18T17:57:20+00:00","author":{"@id":"http:\/\/blog.nojo.fr\/#\/schema\/person\/707d71280d1614570f9444dc005cccd0"},"breadcrumb":{"@id":"http:\/\/blog.nojo.fr\/index.php\/2023\/11\/18\/visite-de-lexposition-catherine-segurane\/#breadcrumb"},"inLanguage":"fr-FR","potentialAction":[{"@type":"ReadAction","target":["http:\/\/blog.nojo.fr\/index.php\/2023\/11\/18\/visite-de-lexposition-catherine-segurane\/"]}]},{"@type":"ImageObject","inLanguage":"fr-FR","@id":"http:\/\/blog.nojo.fr\/index.php\/2023\/11\/18\/visite-de-lexposition-catherine-segurane\/#primaryimage","url":"http:\/\/blog.nojo.fr\/wp-content\/uploads\/2023\/11\/IMG_6248-scaled.jpeg","contentUrl":"http:\/\/blog.nojo.fr\/wp-content\/uploads\/2023\/11\/IMG_6248-scaled.jpeg","width":2560,"height":1851,"caption":"Exposition Catherine S\u00e9gurane"},{"@type":"BreadcrumbList","@id":"http:\/\/blog.nojo.fr\/index.php\/2023\/11\/18\/visite-de-lexposition-catherine-segurane\/#breadcrumb","itemListElement":[{"@type":"ListItem","position":1,"name":"Home","item":"http:\/\/blog.nojo.fr\/"},{"@type":"ListItem","position":2,"name":"Visite de l&#8217;exposition &#8220;Catherine S\u00e9gurane&#8221;"}]},{"@type":"WebSite","@id":"http:\/\/blog.nojo.fr\/#website","url":"http:\/\/blog.nojo.fr\/","name":"Le blog de Sergiodadi","description":"Un peu de tout\u2026 Musique, Livres, Amis, Mus\u00e9es, Spectacles\u2026","potentialAction":[{"@type":"SearchAction","target":{"@type":"EntryPoint","urlTemplate":"http:\/\/blog.nojo.fr\/?s={search_term_string}"},"query-input":{"@type":"PropertyValueSpecification","valueRequired":true,"valueName":"search_term_string"}}],"inLanguage":"fr-FR"},{"@type":"Person","@id":"http:\/\/blog.nojo.fr\/#\/schema\/person\/707d71280d1614570f9444dc005cccd0","name":"admin-serge","image":{"@type":"ImageObject","inLanguage":"fr-FR","@id":"https:\/\/secure.gravatar.com\/avatar\/8e91f94c902d837af08d31aa84904cd69aba8327cfda178714a55a31e57dace2?s=96&d=mm&r=g","url":"https:\/\/secure.gravatar.com\/avatar\/8e91f94c902d837af08d31aa84904cd69aba8327cfda178714a55a31e57dace2?s=96&d=mm&r=g","contentUrl":"https:\/\/secure.gravatar.com\/avatar\/8e91f94c902d837af08d31aa84904cd69aba8327cfda178714a55a31e57dace2?s=96&d=mm&r=g","caption":"admin-serge"},"sameAs":["http:\/\/blog-4.nojo.fr"],"url":"http:\/\/blog.nojo.fr\/index.php\/author\/admin-serge\/"}]}},"_links":{"self":[{"href":"http:\/\/blog.nojo.fr\/index.php\/wp-json\/wp\/v2\/posts\/25207","targetHints":{"allow":["GET"]}}],"collection":[{"href":"http:\/\/blog.nojo.fr\/index.php\/wp-json\/wp\/v2\/posts"}],"about":[{"href":"http:\/\/blog.nojo.fr\/index.php\/wp-json\/wp\/v2\/types\/post"}],"author":[{"embeddable":true,"href":"http:\/\/blog.nojo.fr\/index.php\/wp-json\/wp\/v2\/users\/1"}],"replies":[{"embeddable":true,"href":"http:\/\/blog.nojo.fr\/index.php\/wp-json\/wp\/v2\/comments?post=25207"}],"version-history":[{"count":2,"href":"http:\/\/blog.nojo.fr\/index.php\/wp-json\/wp\/v2\/posts\/25207\/revisions"}],"predecessor-version":[{"id":25210,"href":"http:\/\/blog.nojo.fr\/index.php\/wp-json\/wp\/v2\/posts\/25207\/revisions\/25210"}],"wp:attachment":[{"href":"http:\/\/blog.nojo.fr\/index.php\/wp-json\/wp\/v2\/media?parent=25207"}],"wp:term":[{"taxonomy":"category","embeddable":true,"href":"http:\/\/blog.nojo.fr\/index.php\/wp-json\/wp\/v2\/categories?post=25207"},{"taxonomy":"post_tag","embeddable":true,"href":"http:\/\/blog.nojo.fr\/index.php\/wp-json\/wp\/v2\/tags?post=25207"}],"curies":[{"name":"wp","href":"https:\/\/api.w.org\/{rel}","templated":true}]}}