{"id":25549,"date":"2024-05-11T22:34:52","date_gmt":"2024-05-11T20:34:52","guid":{"rendered":"https:\/\/blog.nojo.fr\/?p=25549"},"modified":"2024-05-12T09:35:15","modified_gmt":"2024-05-12T07:35:15","slug":"exposition-vivre-pour-lart","status":"publish","type":"post","link":"http:\/\/blog.nojo.fr\/index.php\/2024\/05\/11\/exposition-vivre-pour-lart\/","title":{"rendered":"Exposition &#8220;Vivre pour l\u2019art&#8221;"},"content":{"rendered":"<p><img loading=\"lazy\" decoding=\"async\" class=\"alignnone size-medium wp-image-25551\" src=\"http:\/\/blog.nojo.fr\/wp-content\/uploads\/2024\/05\/IMG_1778-300x197.jpeg\" alt=\"Trachel\" width=\"300\" height=\"197\" srcset=\"http:\/\/blog.nojo.fr\/wp-content\/uploads\/2024\/05\/IMG_1778-300x197.jpeg 300w, http:\/\/blog.nojo.fr\/wp-content\/uploads\/2024\/05\/IMG_1778-1024x672.jpeg 1024w, http:\/\/blog.nojo.fr\/wp-content\/uploads\/2024\/05\/IMG_1778-768x504.jpeg 768w, http:\/\/blog.nojo.fr\/wp-content\/uploads\/2024\/05\/IMG_1778-1536x1008.jpeg 1536w, http:\/\/blog.nojo.fr\/wp-content\/uploads\/2024\/05\/IMG_1778-2048x1345.jpeg 2048w, http:\/\/blog.nojo.fr\/wp-content\/uploads\/2024\/05\/IMG_1778-624x410.jpeg 624w\" sizes=\"auto, (max-width: 300px) 100vw, 300px\" \/><\/p>\n<p>Le mus\u00e9e des Beaux-Arts Jules Ch\u00e9ret, <a href=\"https:\/\/fr.wikipedia.org\/wiki\/Palais_Lascaris\">le Palais Lascaris<\/a>, le <a href=\"https:\/\/fr.wikipedia.org\/wiki\/Mus\u00e9e_Mass\u00e9na\">mus\u00e9e Mass\u00e9na<\/a> et la biblioth\u00e8que de Cessole pr\u00e9sentent l\u2019exposition <em>Vivre pour l\u2019art. Les collections Trachel et Rothschild \u00e0 Nice<\/em>*. Cette exposition met en lumi\u00e8re les \u0153uvres g\u00e9n\u00e9reusement offertes \u00e0 la Ville de <a href=\"https:\/\/fr.wikipedia.org\/wiki\/Nice\">Nice<\/a> par ces deux grandes familles.<\/p>\n<p><!--more--><\/p>\n<p>Ces donations, r\u00e9alis\u00e9es entre 1892 et 1912 comprennent plus de mille sept cents \u0153uvres aux typologies vari\u00e9es.<\/p>\nngg_shortcode_0_placeholder\n","protected":false},"excerpt":{"rendered":"<p>Le mus\u00e9e des Beaux-Arts Jules Ch\u00e9ret, le Palais Lascaris, le mus\u00e9e Mass\u00e9na et la biblioth\u00e8que de Cessole pr\u00e9sentent l\u2019exposition Vivre pour l\u2019art. Les collections Trachel et Rothschild \u00e0 Nice*. Cette exposition met en lumi\u00e8re les \u0153uvres g\u00e9n\u00e9reusement offertes \u00e0 la Ville de Nice par ces deux grandes familles.<\/p>\n","protected":false},"author":1,"featured_media":0,"comment_status":"open","ping_status":"open","sticky":false,"template":"","format":"standard","meta":{"wikipediapreview_detectlinks":true,"ngg_post_thumbnail":0,"footnotes":""},"categories":[4,10],"tags":[42,44],"class_list":["post-25549","post","type-post","status-publish","format-standard","hentry","category-collection","category-musee","tag-musee","tag-nice"],"yoast_head":"<!-- This site is optimized with the Yoast SEO plugin v27.5 - https:\/\/yoast.com\/product\/yoast-seo-wordpress\/ -->\n<title>Exposition &quot;Vivre pour l\u2019art&quot; - Le blog de Sergiodadi<\/title>\n<meta name=\"robots\" content=\"index, follow, max-snippet:-1, max-image-preview:large, max-video-preview:-1\" \/>\n<link rel=\"canonical\" href=\"http:\/\/blog.nojo.fr\/index.php\/2024\/05\/11\/exposition-vivre-pour-lart\/\" \/>\n<meta property=\"og:locale\" content=\"fr_FR\" \/>\n<meta property=\"og:type\" content=\"article\" \/>\n<meta property=\"og:title\" content=\"Exposition &quot;Vivre pour l\u2019art&quot; - Le blog de Sergiodadi\" \/>\n<meta property=\"og:description\" content=\"Le mus\u00e9e des Beaux-Arts Jules Ch\u00e9ret, le Palais Lascaris, le mus\u00e9e Mass\u00e9na et la biblioth\u00e8que de Cessole pr\u00e9sentent l\u2019exposition Vivre pour l\u2019art. Les collections Trachel et Rothschild \u00e0 Nice*. Cette exposition met en lumi\u00e8re les \u0153uvres g\u00e9n\u00e9reusement offertes \u00e0 la Ville de Nice par ces deux grandes familles.\" \/>\n<meta property=\"og:url\" content=\"http:\/\/blog.nojo.fr\/index.php\/2024\/05\/11\/exposition-vivre-pour-lart\/\" \/>\n<meta property=\"og:site_name\" content=\"Le blog de Sergiodadi\" \/>\n<meta property=\"article:published_time\" content=\"2024-05-11T20:34:52+00:00\" \/>\n<meta property=\"article:modified_time\" content=\"2024-05-12T07:35:15+00:00\" \/>\n<meta property=\"og:image\" content=\"http:\/\/blog.nojo.fr\/wp-content\/uploads\/2024\/05\/IMG_1778-300x197.jpeg\" \/>\n<meta name=\"author\" content=\"admin-serge\" \/>\n<meta name=\"twitter:card\" content=\"summary_large_image\" \/>\n<meta name=\"twitter:label1\" content=\"\u00c9crit par\" \/>\n\t<meta name=\"twitter:data1\" content=\"admin-serge\" \/>\n\t<meta name=\"twitter:label2\" content=\"Dur\u00e9e de lecture estim\u00e9e\" \/>\n\t<meta name=\"twitter:data2\" content=\"1 minute\" \/>\n<script type=\"application\/ld+json\" class=\"yoast-schema-graph\">{\"@context\":\"https:\\\/\\\/schema.org\",\"@graph\":[{\"@type\":\"Article\",\"@id\":\"http:\\\/\\\/blog.nojo.fr\\\/index.php\\\/2024\\\/05\\\/11\\\/exposition-vivre-pour-lart\\\/#article\",\"isPartOf\":{\"@id\":\"http:\\\/\\\/blog.nojo.fr\\\/index.php\\\/2024\\\/05\\\/11\\\/exposition-vivre-pour-lart\\\/\"},\"author\":{\"name\":\"admin-serge\",\"@id\":\"http:\\\/\\\/blog.nojo.fr\\\/#\\\/schema\\\/person\\\/707d71280d1614570f9444dc005cccd0\"},\"headline\":\"Exposition &#8220;Vivre pour l\u2019art&#8221;\",\"datePublished\":\"2024-05-11T20:34:52+00:00\",\"dateModified\":\"2024-05-12T07:35:15+00:00\",\"mainEntityOfPage\":{\"@id\":\"http:\\\/\\\/blog.nojo.fr\\\/index.php\\\/2024\\\/05\\\/11\\\/exposition-vivre-pour-lart\\\/\"},\"wordCount\":89,\"commentCount\":0,\"image\":{\"@id\":\"http:\\\/\\\/blog.nojo.fr\\\/index.php\\\/2024\\\/05\\\/11\\\/exposition-vivre-pour-lart\\\/#primaryimage\"},\"thumbnailUrl\":\"http:\\\/\\\/blog.nojo.fr\\\/wp-content\\\/uploads\\\/2024\\\/05\\\/IMG_1778-300x197.jpeg\",\"keywords\":[\"Mus\u00e9e\",\"Nice\"],\"articleSection\":[\"Collection\",\"Mus\u00e9e\"],\"inLanguage\":\"fr-FR\",\"potentialAction\":[{\"@type\":\"CommentAction\",\"name\":\"Comment\",\"target\":[\"http:\\\/\\\/blog.nojo.fr\\\/index.php\\\/2024\\\/05\\\/11\\\/exposition-vivre-pour-lart\\\/#respond\"]}]},{\"@type\":\"WebPage\",\"@id\":\"http:\\\/\\\/blog.nojo.fr\\\/index.php\\\/2024\\\/05\\\/11\\\/exposition-vivre-pour-lart\\\/\",\"url\":\"http:\\\/\\\/blog.nojo.fr\\\/index.php\\\/2024\\\/05\\\/11\\\/exposition-vivre-pour-lart\\\/\",\"name\":\"Exposition \\\"Vivre pour l\u2019art\\\" - Le blog de Sergiodadi\",\"isPartOf\":{\"@id\":\"http:\\\/\\\/blog.nojo.fr\\\/#website\"},\"primaryImageOfPage\":{\"@id\":\"http:\\\/\\\/blog.nojo.fr\\\/index.php\\\/2024\\\/05\\\/11\\\/exposition-vivre-pour-lart\\\/#primaryimage\"},\"image\":{\"@id\":\"http:\\\/\\\/blog.nojo.fr\\\/index.php\\\/2024\\\/05\\\/11\\\/exposition-vivre-pour-lart\\\/#primaryimage\"},\"thumbnailUrl\":\"http:\\\/\\\/blog.nojo.fr\\\/wp-content\\\/uploads\\\/2024\\\/05\\\/IMG_1778-300x197.jpeg\",\"datePublished\":\"2024-05-11T20:34:52+00:00\",\"dateModified\":\"2024-05-12T07:35:15+00:00\",\"author\":{\"@id\":\"http:\\\/\\\/blog.nojo.fr\\\/#\\\/schema\\\/person\\\/707d71280d1614570f9444dc005cccd0\"},\"breadcrumb\":{\"@id\":\"http:\\\/\\\/blog.nojo.fr\\\/index.php\\\/2024\\\/05\\\/11\\\/exposition-vivre-pour-lart\\\/#breadcrumb\"},\"inLanguage\":\"fr-FR\",\"potentialAction\":[{\"@type\":\"ReadAction\",\"target\":[\"http:\\\/\\\/blog.nojo.fr\\\/index.php\\\/2024\\\/05\\\/11\\\/exposition-vivre-pour-lart\\\/\"]}]},{\"@type\":\"ImageObject\",\"inLanguage\":\"fr-FR\",\"@id\":\"http:\\\/\\\/blog.nojo.fr\\\/index.php\\\/2024\\\/05\\\/11\\\/exposition-vivre-pour-lart\\\/#primaryimage\",\"url\":\"http:\\\/\\\/blog.nojo.fr\\\/wp-content\\\/uploads\\\/2024\\\/05\\\/IMG_1778-scaled.jpeg\",\"contentUrl\":\"http:\\\/\\\/blog.nojo.fr\\\/wp-content\\\/uploads\\\/2024\\\/05\\\/IMG_1778-scaled.jpeg\",\"width\":2560,\"height\":1681,\"caption\":\"Trachel\"},{\"@type\":\"BreadcrumbList\",\"@id\":\"http:\\\/\\\/blog.nojo.fr\\\/index.php\\\/2024\\\/05\\\/11\\\/exposition-vivre-pour-lart\\\/#breadcrumb\",\"itemListElement\":[{\"@type\":\"ListItem\",\"position\":1,\"name\":\"Home\",\"item\":\"http:\\\/\\\/blog.nojo.fr\\\/\"},{\"@type\":\"ListItem\",\"position\":2,\"name\":\"Exposition &#8220;Vivre pour l\u2019art&#8221;\"}]},{\"@type\":\"WebSite\",\"@id\":\"http:\\\/\\\/blog.nojo.fr\\\/#website\",\"url\":\"http:\\\/\\\/blog.nojo.fr\\\/\",\"name\":\"Le blog de Sergiodadi\",\"description\":\"Un peu de tout\u2026 Musique, Livres, Amis, Mus\u00e9es, Spectacles\u2026\",\"potentialAction\":[{\"@type\":\"SearchAction\",\"target\":{\"@type\":\"EntryPoint\",\"urlTemplate\":\"http:\\\/\\\/blog.nojo.fr\\\/?s={search_term_string}\"},\"query-input\":{\"@type\":\"PropertyValueSpecification\",\"valueRequired\":true,\"valueName\":\"search_term_string\"}}],\"inLanguage\":\"fr-FR\"},{\"@type\":\"Person\",\"@id\":\"http:\\\/\\\/blog.nojo.fr\\\/#\\\/schema\\\/person\\\/707d71280d1614570f9444dc005cccd0\",\"name\":\"admin-serge\",\"image\":{\"@type\":\"ImageObject\",\"inLanguage\":\"fr-FR\",\"@id\":\"https:\\\/\\\/secure.gravatar.com\\\/avatar\\\/8e91f94c902d837af08d31aa84904cd69aba8327cfda178714a55a31e57dace2?s=96&d=mm&r=g\",\"url\":\"https:\\\/\\\/secure.gravatar.com\\\/avatar\\\/8e91f94c902d837af08d31aa84904cd69aba8327cfda178714a55a31e57dace2?s=96&d=mm&r=g\",\"contentUrl\":\"https:\\\/\\\/secure.gravatar.com\\\/avatar\\\/8e91f94c902d837af08d31aa84904cd69aba8327cfda178714a55a31e57dace2?s=96&d=mm&r=g\",\"caption\":\"admin-serge\"},\"sameAs\":[\"http:\\\/\\\/blog-4.nojo.fr\"],\"url\":\"http:\\\/\\\/blog.nojo.fr\\\/index.php\\\/author\\\/admin-serge\\\/\"}]}<\/script>\n<!-- \/ Yoast SEO plugin. -->","yoast_head_json":{"title":"Exposition \"Vivre pour l\u2019art\" - Le blog de Sergiodadi","robots":{"index":"index","follow":"follow","max-snippet":"max-snippet:-1","max-image-preview":"max-image-preview:large","max-video-preview":"max-video-preview:-1"},"canonical":"http:\/\/blog.nojo.fr\/index.php\/2024\/05\/11\/exposition-vivre-pour-lart\/","og_locale":"fr_FR","og_type":"article","og_title":"Exposition \"Vivre pour l\u2019art\" - Le blog de Sergiodadi","og_description":"Le mus\u00e9e des Beaux-Arts Jules Ch\u00e9ret, le Palais Lascaris, le mus\u00e9e Mass\u00e9na et la biblioth\u00e8que de Cessole pr\u00e9sentent l\u2019exposition Vivre pour l\u2019art. Les collections Trachel et Rothschild \u00e0 Nice*. Cette exposition met en lumi\u00e8re les \u0153uvres g\u00e9n\u00e9reusement offertes \u00e0 la Ville de Nice par ces deux grandes familles.","og_url":"http:\/\/blog.nojo.fr\/index.php\/2024\/05\/11\/exposition-vivre-pour-lart\/","og_site_name":"Le blog de Sergiodadi","article_published_time":"2024-05-11T20:34:52+00:00","article_modified_time":"2024-05-12T07:35:15+00:00","og_image":[{"url":"http:\/\/blog.nojo.fr\/wp-content\/uploads\/2024\/05\/IMG_1778-300x197.jpeg","type":"","width":"","height":""}],"author":"admin-serge","twitter_card":"summary_large_image","twitter_misc":{"\u00c9crit par":"admin-serge","Dur\u00e9e de lecture estim\u00e9e":"1 minute"},"schema":{"@context":"https:\/\/schema.org","@graph":[{"@type":"Article","@id":"http:\/\/blog.nojo.fr\/index.php\/2024\/05\/11\/exposition-vivre-pour-lart\/#article","isPartOf":{"@id":"http:\/\/blog.nojo.fr\/index.php\/2024\/05\/11\/exposition-vivre-pour-lart\/"},"author":{"name":"admin-serge","@id":"http:\/\/blog.nojo.fr\/#\/schema\/person\/707d71280d1614570f9444dc005cccd0"},"headline":"Exposition &#8220;Vivre pour l\u2019art&#8221;","datePublished":"2024-05-11T20:34:52+00:00","dateModified":"2024-05-12T07:35:15+00:00","mainEntityOfPage":{"@id":"http:\/\/blog.nojo.fr\/index.php\/2024\/05\/11\/exposition-vivre-pour-lart\/"},"wordCount":89,"commentCount":0,"image":{"@id":"http:\/\/blog.nojo.fr\/index.php\/2024\/05\/11\/exposition-vivre-pour-lart\/#primaryimage"},"thumbnailUrl":"http:\/\/blog.nojo.fr\/wp-content\/uploads\/2024\/05\/IMG_1778-300x197.jpeg","keywords":["Mus\u00e9e","Nice"],"articleSection":["Collection","Mus\u00e9e"],"inLanguage":"fr-FR","potentialAction":[{"@type":"CommentAction","name":"Comment","target":["http:\/\/blog.nojo.fr\/index.php\/2024\/05\/11\/exposition-vivre-pour-lart\/#respond"]}]},{"@type":"WebPage","@id":"http:\/\/blog.nojo.fr\/index.php\/2024\/05\/11\/exposition-vivre-pour-lart\/","url":"http:\/\/blog.nojo.fr\/index.php\/2024\/05\/11\/exposition-vivre-pour-lart\/","name":"Exposition \"Vivre pour l\u2019art\" - Le blog de Sergiodadi","isPartOf":{"@id":"http:\/\/blog.nojo.fr\/#website"},"primaryImageOfPage":{"@id":"http:\/\/blog.nojo.fr\/index.php\/2024\/05\/11\/exposition-vivre-pour-lart\/#primaryimage"},"image":{"@id":"http:\/\/blog.nojo.fr\/index.php\/2024\/05\/11\/exposition-vivre-pour-lart\/#primaryimage"},"thumbnailUrl":"http:\/\/blog.nojo.fr\/wp-content\/uploads\/2024\/05\/IMG_1778-300x197.jpeg","datePublished":"2024-05-11T20:34:52+00:00","dateModified":"2024-05-12T07:35:15+00:00","author":{"@id":"http:\/\/blog.nojo.fr\/#\/schema\/person\/707d71280d1614570f9444dc005cccd0"},"breadcrumb":{"@id":"http:\/\/blog.nojo.fr\/index.php\/2024\/05\/11\/exposition-vivre-pour-lart\/#breadcrumb"},"inLanguage":"fr-FR","potentialAction":[{"@type":"ReadAction","target":["http:\/\/blog.nojo.fr\/index.php\/2024\/05\/11\/exposition-vivre-pour-lart\/"]}]},{"@type":"ImageObject","inLanguage":"fr-FR","@id":"http:\/\/blog.nojo.fr\/index.php\/2024\/05\/11\/exposition-vivre-pour-lart\/#primaryimage","url":"http:\/\/blog.nojo.fr\/wp-content\/uploads\/2024\/05\/IMG_1778-scaled.jpeg","contentUrl":"http:\/\/blog.nojo.fr\/wp-content\/uploads\/2024\/05\/IMG_1778-scaled.jpeg","width":2560,"height":1681,"caption":"Trachel"},{"@type":"BreadcrumbList","@id":"http:\/\/blog.nojo.fr\/index.php\/2024\/05\/11\/exposition-vivre-pour-lart\/#breadcrumb","itemListElement":[{"@type":"ListItem","position":1,"name":"Home","item":"http:\/\/blog.nojo.fr\/"},{"@type":"ListItem","position":2,"name":"Exposition &#8220;Vivre pour l\u2019art&#8221;"}]},{"@type":"WebSite","@id":"http:\/\/blog.nojo.fr\/#website","url":"http:\/\/blog.nojo.fr\/","name":"Le blog de Sergiodadi","description":"Un peu de tout\u2026 Musique, Livres, Amis, Mus\u00e9es, Spectacles\u2026","potentialAction":[{"@type":"SearchAction","target":{"@type":"EntryPoint","urlTemplate":"http:\/\/blog.nojo.fr\/?s={search_term_string}"},"query-input":{"@type":"PropertyValueSpecification","valueRequired":true,"valueName":"search_term_string"}}],"inLanguage":"fr-FR"},{"@type":"Person","@id":"http:\/\/blog.nojo.fr\/#\/schema\/person\/707d71280d1614570f9444dc005cccd0","name":"admin-serge","image":{"@type":"ImageObject","inLanguage":"fr-FR","@id":"https:\/\/secure.gravatar.com\/avatar\/8e91f94c902d837af08d31aa84904cd69aba8327cfda178714a55a31e57dace2?s=96&d=mm&r=g","url":"https:\/\/secure.gravatar.com\/avatar\/8e91f94c902d837af08d31aa84904cd69aba8327cfda178714a55a31e57dace2?s=96&d=mm&r=g","contentUrl":"https:\/\/secure.gravatar.com\/avatar\/8e91f94c902d837af08d31aa84904cd69aba8327cfda178714a55a31e57dace2?s=96&d=mm&r=g","caption":"admin-serge"},"sameAs":["http:\/\/blog-4.nojo.fr"],"url":"http:\/\/blog.nojo.fr\/index.php\/author\/admin-serge\/"}]}},"_links":{"self":[{"href":"http:\/\/blog.nojo.fr\/index.php\/wp-json\/wp\/v2\/posts\/25549","targetHints":{"allow":["GET"]}}],"collection":[{"href":"http:\/\/blog.nojo.fr\/index.php\/wp-json\/wp\/v2\/posts"}],"about":[{"href":"http:\/\/blog.nojo.fr\/index.php\/wp-json\/wp\/v2\/types\/post"}],"author":[{"embeddable":true,"href":"http:\/\/blog.nojo.fr\/index.php\/wp-json\/wp\/v2\/users\/1"}],"replies":[{"embeddable":true,"href":"http:\/\/blog.nojo.fr\/index.php\/wp-json\/wp\/v2\/comments?post=25549"}],"version-history":[{"count":2,"href":"http:\/\/blog.nojo.fr\/index.php\/wp-json\/wp\/v2\/posts\/25549\/revisions"}],"predecessor-version":[{"id":25552,"href":"http:\/\/blog.nojo.fr\/index.php\/wp-json\/wp\/v2\/posts\/25549\/revisions\/25552"}],"wp:attachment":[{"href":"http:\/\/blog.nojo.fr\/index.php\/wp-json\/wp\/v2\/media?parent=25549"}],"wp:term":[{"taxonomy":"category","embeddable":true,"href":"http:\/\/blog.nojo.fr\/index.php\/wp-json\/wp\/v2\/categories?post=25549"},{"taxonomy":"post_tag","embeddable":true,"href":"http:\/\/blog.nojo.fr\/index.php\/wp-json\/wp\/v2\/tags?post=25549"}],"curies":[{"name":"wp","href":"https:\/\/api.w.org\/{rel}","templated":true}]}}