{"id":25786,"date":"2024-08-24T22:52:47","date_gmt":"2024-08-24T20:52:47","guid":{"rendered":"https:\/\/blog.nojo.fr\/?p=25786"},"modified":"2024-08-25T14:53:17","modified_gmt":"2024-08-25T12:53:17","slug":"visite-de-lexposition-au-dela-du-reel-a-la-galerie-lympia","status":"publish","type":"post","link":"http:\/\/blog.nojo.fr\/index.php\/2024\/08\/24\/visite-de-lexposition-au-dela-du-reel-a-la-galerie-lympia\/","title":{"rendered":"Visite de l&#8217;exposition &#8220;Au-del\u00e0 du r\u00e9el&#8221; \u00e0 la galerie Lympia"},"content":{"rendered":"<div class=\"xdj266r x11i5rnm xat24cr x1mh8g0r x1vvkbs x126k92a\">\n<div dir=\"auto\"><img loading=\"lazy\" decoding=\"async\" class=\"alignnone size-medium wp-image-25789\" src=\"http:\/\/blog.nojo.fr\/wp-content\/uploads\/2024\/08\/IMG_2500-300x225.jpeg\" alt=\"Galerie Lympia\" width=\"300\" height=\"225\" srcset=\"http:\/\/blog.nojo.fr\/wp-content\/uploads\/2024\/08\/IMG_2500-300x225.jpeg 300w, http:\/\/blog.nojo.fr\/wp-content\/uploads\/2024\/08\/IMG_2500-1024x768.jpeg 1024w, http:\/\/blog.nojo.fr\/wp-content\/uploads\/2024\/08\/IMG_2500-768x576.jpeg 768w, http:\/\/blog.nojo.fr\/wp-content\/uploads\/2024\/08\/IMG_2500-1536x1152.jpeg 1536w, http:\/\/blog.nojo.fr\/wp-content\/uploads\/2024\/08\/IMG_2500-2048x1536.jpeg 2048w, http:\/\/blog.nojo.fr\/wp-content\/uploads\/2024\/08\/IMG_2500-624x468.jpeg 624w\" sizes=\"auto, (max-width: 300px) 100vw, 300px\" \/><\/div>\n<div dir=\"auto\">&nbsp;<\/div>\n<div dir=\"auto\">Hier, visite de l&#8217;exposition &#8220;<strong>Au-del\u00e0 du r\u00e9el&#8221;<\/strong> \u00e0 la galerie Lympia (ancien bagne de Nice)<\/div>\n<\/div>\n<div class=\"x11i5rnm xat24cr x1mh8g0r x1vvkbs xtlvy1s x126k92a\">\n<div dir=\"auto\">Un duo d\u2019artistes pr\u00e9sent\u00e9 pour la premi\u00e8re fois \u00e0 Nice<\/div>\n<div dir=\"auto\">&nbsp;<\/div>\n<\/div>\n<p><!--more--><\/p>\nngg_shortcode_0_placeholder\n<div class=\"x11i5rnm xat24cr x1mh8g0r x1vvkbs xtlvy1s x126k92a\">\n<div dir=\"auto\">&nbsp;<\/div>\n<div dir=\"auto\">Le photographe <em>G\u00e9rard Rancinan<\/em> et l\u2019auteure Ca<em>roline Gaudriault<\/em> forment un duo artistique fran\u00e7ais qui transcende les simples fronti\u00e8res de leurs m\u00e9diums d\u2019expression. Ils explorent les th\u00e9matiques profondes de la soci\u00e9t\u00e9 moderne avec po\u00e9sie et engagement.<\/div>\n<div dir=\"auto\">&nbsp;<\/div>\n<div dir=\"auto\">Rancinan et Caroline Gaudriault croisent leurs regards depuis plus de vingt-cinq ans. Ils con\u00e7oivent ensemble des projets artistiques en instaurant un dialogue, qui part de la photographie et de l\u2019\u00e9criture et se poursuit au travers d\u2019installations ou d\u2019\u0153uvres cin\u00e9matographiques. Poursuivant un m\u00eame fil de discussion sur le positionnement de l&#8217;Homme dans la soci\u00e9t\u00e9, ils travaillent \u00e0 partir d&#8217;une m\u00eame r\u00e9flexion sur notre rapport \u00e0 la Modernit\u00e9, \u00e0 l&#8217;h\u00e9ritage culturel, aux contradictions sociales en usant de toute la fantasmagorie, l\u2019impertinence, l\u2019humour et le d\u00e9calage n\u00e9cessaires pour permettre le questionnement, tout en \u00e9vitant toujours les suppos\u00e9s p\u00e9remptoires. Ils ont ainsi cr\u00e9\u00e9 une nouvelle forme sc\u00e9nographique qui r\u00e9pond aux r\u00e9flexions et aux propos qui les engagent enti\u00e8rement. Le fruit de leur dialogue prend une forme originale sur la sc\u00e8ne de l&#8217;art contemporain.<\/div>\n<\/div>\n<div class=\"x11i5rnm xat24cr x1mh8g0r x1vvkbs xtlvy1s x126k92a\">\n<div dir=\"auto\">&nbsp;<\/div>\n<div dir=\"auto\"><strong>Le parcours de l\u2019exposition<\/strong><\/div>\n<\/div>\n<div class=\"x11i5rnm xat24cr x1mh8g0r x1vvkbs xtlvy1s x126k92a\">\n<div dir=\"auto\">&nbsp;<\/div>\n<div dir=\"auto\">Dans un parcours d\u2019exposition imagin\u00e9, pour l\u2019espace culturel d\u00e9partemental Lympia, avec Simone Dibo-Cohen, pr\u00e9sidente de l\u2019Union M\u00e9diterran\u00e9enne pour l\u2019Art Moderne, les deux artistes abordent la question du rapport au r\u00e9el. \u00c0 travers une trentaine de tableaux photographiques et d\u2019installations d\u2019\u00e9criture, ils cr\u00e9ent un dialogue multidimensionnel et se r\u00e9pondent dans une interaction qui enrichit l\u2019exp\u00e9rience du public. Ils nous proposent de voir et de lire tout au long d\u2019un cheminement o\u00f9 la r\u00e9alit\u00e9 n\u2019est pas un point d\u2019arriv\u00e9e mais un point de d\u00e9part. Les \u0153uvres photographiques de G\u00e9rard Rancinan sont autant de r\u00e9alit\u00e9s sc\u00e9naris\u00e9es \u00e0 travers des mises en sc\u00e8ne qui repr\u00e9sentent le portrait d\u2019une soci\u00e9t\u00e9 en recherche d\u2019elle-m\u00eame. Les \u00e9crits sc\u00e9nographi\u00e9s de Caroline Gaudriault explorent quant \u00e0 eux l\u2019univers de la complexit\u00e9 humaine. Le parcours de l\u2019exposition est organis\u00e9 en quatre chapitres, dans lesquels cohabitent photographies et installations d\u2019\u00e9criture.<\/div>\n<\/div>\n<div class=\"x11i5rnm xat24cr x1mh8g0r x1vvkbs xtlvy1s x126k92a\">\n<div dir=\"auto\">&nbsp;<\/div>\n<div dir=\"auto\"><strong>I. M\u00e9tamorphoses<\/strong><\/div>\n<\/div>\n<div class=\"x11i5rnm xat24cr x1mh8g0r x1vvkbs xtlvy1s x126k92a\">\n<div dir=\"auto\">&nbsp;<\/div>\n<div dir=\"auto\">Dans ce chapitre, les artistes proposent une relecture de chefs-d\u2019\u0153uvre de l\u2019histoire de l\u2019art pour illustrer leur questionnement sur le rapport entre temps et soci\u00e9t\u00e9. En effet, \u00e0 une \u00e9poque o\u00f9 l\u2019imm\u00e9diatet\u00e9 cr\u00e9e une forme de dictature du pr\u00e9sent, la r\u00e9interpr\u00e9tation photographique mise en sc\u00e8ne par Rancinan d\u2019\u0153uvres marquantes, telles que Le radeau de la M\u00e9duse de G\u00e9ricault, La naissance de V\u00e9nus de Botticelli ou encore La Danse de Matisse, permet de porter un regard neuf sur notre soci\u00e9t\u00e9.<\/div>\n<\/div>\n<div class=\"x11i5rnm xat24cr x1mh8g0r x1vvkbs xtlvy1s x126k92a\">\n<div dir=\"auto\">&nbsp;<\/div>\n<div dir=\"auto\"><strong>II. Les artistes<\/strong><\/div>\n<\/div>\n<div class=\"x11i5rnm xat24cr x1mh8g0r x1vvkbs xtlvy1s x126k92a\">\n<div dir=\"auto\">&nbsp;<\/div>\n<div dir=\"auto\">Apr\u00e8s les m\u00e9tamorphoses, Rancinan et Caroline Gaudriault pr\u00e9sentent dans ce chapitre un t\u00e9moin privil\u00e9gi\u00e9 des transformations de notre soci\u00e9t\u00e9 : l\u2019artiste. Les portraits de Yan Pei-Ming, Franko B ou encore Damien Hirst r\u00e9alis\u00e9s par le photographe viennent ainsi \u00e9voquer la singularit\u00e9 et le r\u00f4le de ces personnalit\u00e9s qui, \u00e0 travers leurs cr\u00e9ations, marquent et transcendent l\u2019histoire.<\/div>\n<\/div>\n<div class=\"x11i5rnm xat24cr x1mh8g0r x1vvkbs xtlvy1s x126k92a\">\n<div dir=\"auto\">&nbsp;<\/div>\n<div dir=\"auto\"><strong>III. Le Destin des Hommes<\/strong><\/div>\n<\/div>\n<div class=\"x11i5rnm xat24cr x1mh8g0r x1vvkbs xtlvy1s x126k92a\">\n<div dir=\"auto\">&nbsp;<\/div>\n<div dir=\"auto\">Ce chapitre aborde le r\u00e9cit imaginaire et collectif que l\u2019humanit\u00e9 remplit de croyances et de fictions. Les artistes montrent ici leur illustration d\u2019une mythologie permettant de d\u00e9passer le r\u00e9el. Leur r\u00e9flexion est un appel \u00e0 penser demain pour surmonter les probl\u00e8mes technologiques, d\u00e9mographiques et \u00e9cologiques auxquels seront confront\u00e9es les g\u00e9n\u00e9rations futures.<\/div>\n<\/div>\n<div class=\"x11i5rnm xat24cr x1mh8g0r x1vvkbs xtlvy1s x126k92a\">\n<div dir=\"auto\">&nbsp;<\/div>\n<div dir=\"auto\"><strong>IV. Les Hybrides<\/strong><\/div>\n<\/div>\n<div class=\"x11i5rnm xat24cr x1mh8g0r x1vvkbs xtlvy1s x126k92a\">\n<div dir=\"auto\">&nbsp;<\/div>\n<div dir=\"auto\">Enfin, dans la lign\u00e9e du pr\u00e9c\u00e9dent, ce chapitre envisage les \u00e9volutions \u00e0 venir de l\u2019humanit\u00e9. Rancinan et Caroline Gaudriault proposent une com\u00e9die humaine dans laquelle la figure de l\u2019animal est vectrice de transformation et de transgression. Consid\u00e9rant qu\u2019un nouveau r\u00e9cit s\u2019\u00e9crit aujourd\u2019hui, le duo artistique pr\u00e9sente une r\u00e9flexion, paradoxalement empreinte d\u2019inqui\u00e9tude et d\u2019humour, sur le chemin dans lequel s\u2019engage notre soci\u00e9t\u00e9. Jusqu\u2019o\u00f9 irons- nous ?<\/div>\n<div dir=\"auto\">&nbsp;<\/div>\n<\/div>\n<div class=\"x11i5rnm xat24cr x1mh8g0r x1vvkbs xtlvy1s x126k92a\">\n<div dir=\"auto\"><strong>G\u00e9rard Rancinan<\/strong><\/div>\n<\/div>\n<div class=\"x11i5rnm xat24cr x1mh8g0r x1vvkbs xtlvy1s x126k92a\">\n<div dir=\"auto\">&nbsp;<\/div>\n<div dir=\"auto\">G\u00e9rard Rancinan est un artiste international dont l\u2019\u0153uvre photographique est pr\u00e9sent\u00e9e dans les mus\u00e9es les plus prestigieux du monde et fait partie des grandes collections d\u2019art contemporain. Il s\u2019engage dans son \u00e9poque et aime en \u00eatre un t\u00e9moin \u00e9veill\u00e9 par la transposition artistique de mises en sc\u00e8ne ou d\u2019\u0153uvres exp\u00e9rimentales, qui font toujours sens \u00e0 une r\u00e9flexion contemporaine. Rancinan a re\u00e7u plusieurs prix prestigieux et a par ailleurs \u00e9t\u00e9 nomm\u00e9 Commandeur des Arts et des Lettres<\/div>\n<\/div>\n<div class=\"x11i5rnm xat24cr x1mh8g0r x1vvkbs xtlvy1s x126k92a\">\n<div dir=\"auto\">&nbsp;<\/div>\n<div dir=\"auto\"><strong>Caroline Gaudriault<\/strong><\/div>\n<\/div>\n<div class=\"x11i5rnm xat24cr x1mh8g0r x1vvkbs xtlvy1s x126k92a\">\n<div dir=\"auto\">&nbsp;<\/div>\n<div dir=\"auto\">Caroline Gaudriault est une auteure fran\u00e7aise d\u2019ouvrages artistiques et d\u2019essais, traduits en plusieurs langues. Elle cr\u00e9e des \u0153uvres qui donnent forme \u00e0 son \u00e9criture personnelle et prennent la forme d\u2019installations d\u2019\u00e9criture dans les mus\u00e9es o\u00f9 elle expose. Son travail met en perspective une r\u00e9flexion sur l\u2019\u00e9poque qui sous-tend une d\u00e9marche artistique. Pour cela, elle travaille avec des penseurs et des artistes internationaux. Elle a sign\u00e9, entre autres, un ouvrage avec le politologue am\u00e9ricain Francis Fukuyama et avec l\u2019artiste fran\u00e7ais Pierre Soulages.<\/div>\n<\/div>\n<div class=\"x11i5rnm xat24cr x1mh8g0r x1vvkbs xtlvy1s x126k92a\">\n<div dir=\"auto\">[source: galerie Lympia]<\/div>\n<\/div>\n","protected":false},"excerpt":{"rendered":"<p>&nbsp; Hier, visite de l&#8217;exposition &#8220;Au-del\u00e0 du r\u00e9el&#8221; \u00e0 la galerie Lympia (ancien bagne de Nice) Un duo d\u2019artistes pr\u00e9sent\u00e9 pour la premi\u00e8re fois \u00e0 Nice &nbsp;<\/p>\n","protected":false},"author":1,"featured_media":0,"comment_status":"open","ping_status":"open","sticky":false,"template":"","format":"standard","meta":{"wikipediapreview_detectlinks":true,"ngg_post_thumbnail":0,"footnotes":""},"categories":[1],"tags":[],"class_list":["post-25786","post","type-post","status-publish","format-standard","hentry","category-non-classe"],"yoast_head":"<!-- This site is optimized with the Yoast SEO plugin v27.5 - https:\/\/yoast.com\/product\/yoast-seo-wordpress\/ -->\n<title>Visite de l&#039;exposition &quot;Au-del\u00e0 du r\u00e9el&quot; \u00e0 la galerie Lympia - Le blog de Sergiodadi<\/title>\n<meta name=\"description\" content=\"visite de l&#039;exposition &quot;Au-del\u00e0 du r\u00e9el&quot; \u00e0 la galerie Lympia\" \/>\n<meta name=\"robots\" content=\"index, follow, max-snippet:-1, max-image-preview:large, max-video-preview:-1\" \/>\n<link rel=\"canonical\" href=\"http:\/\/blog.nojo.fr\/index.php\/2024\/08\/24\/visite-de-lexposition-au-dela-du-reel-a-la-galerie-lympia\/\" \/>\n<meta property=\"og:locale\" content=\"fr_FR\" \/>\n<meta property=\"og:type\" content=\"article\" \/>\n<meta property=\"og:title\" content=\"Visite de l&#039;exposition &quot;Au-del\u00e0 du r\u00e9el&quot; \u00e0 la galerie Lympia - Le blog de Sergiodadi\" \/>\n<meta property=\"og:description\" content=\"visite de l&#039;exposition &quot;Au-del\u00e0 du r\u00e9el&quot; \u00e0 la galerie Lympia\" \/>\n<meta property=\"og:url\" content=\"http:\/\/blog.nojo.fr\/index.php\/2024\/08\/24\/visite-de-lexposition-au-dela-du-reel-a-la-galerie-lympia\/\" \/>\n<meta property=\"og:site_name\" content=\"Le blog de Sergiodadi\" \/>\n<meta property=\"article:published_time\" content=\"2024-08-24T20:52:47+00:00\" \/>\n<meta property=\"article:modified_time\" content=\"2024-08-25T12:53:17+00:00\" \/>\n<meta property=\"og:image\" content=\"http:\/\/blog.nojo.fr\/wp-content\/uploads\/2024\/08\/IMG_2500-300x225.jpeg\" \/>\n<meta name=\"author\" content=\"admin-serge\" \/>\n<meta name=\"twitter:card\" content=\"summary_large_image\" \/>\n<meta name=\"twitter:label1\" content=\"\u00c9crit par\" \/>\n\t<meta name=\"twitter:data1\" content=\"admin-serge\" \/>\n\t<meta name=\"twitter:label2\" content=\"Dur\u00e9e de lecture estim\u00e9e\" \/>\n\t<meta name=\"twitter:data2\" content=\"5 minutes\" \/>\n<script type=\"application\/ld+json\" class=\"yoast-schema-graph\">{\"@context\":\"https:\\\/\\\/schema.org\",\"@graph\":[{\"@type\":\"Article\",\"@id\":\"http:\\\/\\\/blog.nojo.fr\\\/index.php\\\/2024\\\/08\\\/24\\\/visite-de-lexposition-au-dela-du-reel-a-la-galerie-lympia\\\/#article\",\"isPartOf\":{\"@id\":\"http:\\\/\\\/blog.nojo.fr\\\/index.php\\\/2024\\\/08\\\/24\\\/visite-de-lexposition-au-dela-du-reel-a-la-galerie-lympia\\\/\"},\"author\":{\"name\":\"admin-serge\",\"@id\":\"http:\\\/\\\/blog.nojo.fr\\\/#\\\/schema\\\/person\\\/707d71280d1614570f9444dc005cccd0\"},\"headline\":\"Visite de l&#8217;exposition &#8220;Au-del\u00e0 du r\u00e9el&#8221; \u00e0 la galerie Lympia\",\"datePublished\":\"2024-08-24T20:52:47+00:00\",\"dateModified\":\"2024-08-25T12:53:17+00:00\",\"mainEntityOfPage\":{\"@id\":\"http:\\\/\\\/blog.nojo.fr\\\/index.php\\\/2024\\\/08\\\/24\\\/visite-de-lexposition-au-dela-du-reel-a-la-galerie-lympia\\\/\"},\"wordCount\":946,\"commentCount\":0,\"image\":{\"@id\":\"http:\\\/\\\/blog.nojo.fr\\\/index.php\\\/2024\\\/08\\\/24\\\/visite-de-lexposition-au-dela-du-reel-a-la-galerie-lympia\\\/#primaryimage\"},\"thumbnailUrl\":\"http:\\\/\\\/blog.nojo.fr\\\/wp-content\\\/uploads\\\/2024\\\/08\\\/IMG_2500-300x225.jpeg\",\"inLanguage\":\"fr-FR\",\"potentialAction\":[{\"@type\":\"CommentAction\",\"name\":\"Comment\",\"target\":[\"http:\\\/\\\/blog.nojo.fr\\\/index.php\\\/2024\\\/08\\\/24\\\/visite-de-lexposition-au-dela-du-reel-a-la-galerie-lympia\\\/#respond\"]}]},{\"@type\":\"WebPage\",\"@id\":\"http:\\\/\\\/blog.nojo.fr\\\/index.php\\\/2024\\\/08\\\/24\\\/visite-de-lexposition-au-dela-du-reel-a-la-galerie-lympia\\\/\",\"url\":\"http:\\\/\\\/blog.nojo.fr\\\/index.php\\\/2024\\\/08\\\/24\\\/visite-de-lexposition-au-dela-du-reel-a-la-galerie-lympia\\\/\",\"name\":\"Visite de l'exposition \\\"Au-del\u00e0 du r\u00e9el\\\" \u00e0 la galerie Lympia - Le blog de Sergiodadi\",\"isPartOf\":{\"@id\":\"http:\\\/\\\/blog.nojo.fr\\\/#website\"},\"primaryImageOfPage\":{\"@id\":\"http:\\\/\\\/blog.nojo.fr\\\/index.php\\\/2024\\\/08\\\/24\\\/visite-de-lexposition-au-dela-du-reel-a-la-galerie-lympia\\\/#primaryimage\"},\"image\":{\"@id\":\"http:\\\/\\\/blog.nojo.fr\\\/index.php\\\/2024\\\/08\\\/24\\\/visite-de-lexposition-au-dela-du-reel-a-la-galerie-lympia\\\/#primaryimage\"},\"thumbnailUrl\":\"http:\\\/\\\/blog.nojo.fr\\\/wp-content\\\/uploads\\\/2024\\\/08\\\/IMG_2500-300x225.jpeg\",\"datePublished\":\"2024-08-24T20:52:47+00:00\",\"dateModified\":\"2024-08-25T12:53:17+00:00\",\"author\":{\"@id\":\"http:\\\/\\\/blog.nojo.fr\\\/#\\\/schema\\\/person\\\/707d71280d1614570f9444dc005cccd0\"},\"description\":\"visite de l'exposition \\\"Au-del\u00e0 du r\u00e9el\\\" \u00e0 la galerie Lympia\",\"breadcrumb\":{\"@id\":\"http:\\\/\\\/blog.nojo.fr\\\/index.php\\\/2024\\\/08\\\/24\\\/visite-de-lexposition-au-dela-du-reel-a-la-galerie-lympia\\\/#breadcrumb\"},\"inLanguage\":\"fr-FR\",\"potentialAction\":[{\"@type\":\"ReadAction\",\"target\":[\"http:\\\/\\\/blog.nojo.fr\\\/index.php\\\/2024\\\/08\\\/24\\\/visite-de-lexposition-au-dela-du-reel-a-la-galerie-lympia\\\/\"]}]},{\"@type\":\"ImageObject\",\"inLanguage\":\"fr-FR\",\"@id\":\"http:\\\/\\\/blog.nojo.fr\\\/index.php\\\/2024\\\/08\\\/24\\\/visite-de-lexposition-au-dela-du-reel-a-la-galerie-lympia\\\/#primaryimage\",\"url\":\"http:\\\/\\\/blog.nojo.fr\\\/wp-content\\\/uploads\\\/2024\\\/08\\\/IMG_2500-scaled.jpeg\",\"contentUrl\":\"http:\\\/\\\/blog.nojo.fr\\\/wp-content\\\/uploads\\\/2024\\\/08\\\/IMG_2500-scaled.jpeg\",\"width\":2560,\"height\":1920,\"caption\":\"Galerie Lympia\"},{\"@type\":\"BreadcrumbList\",\"@id\":\"http:\\\/\\\/blog.nojo.fr\\\/index.php\\\/2024\\\/08\\\/24\\\/visite-de-lexposition-au-dela-du-reel-a-la-galerie-lympia\\\/#breadcrumb\",\"itemListElement\":[{\"@type\":\"ListItem\",\"position\":1,\"name\":\"Home\",\"item\":\"http:\\\/\\\/blog.nojo.fr\\\/\"},{\"@type\":\"ListItem\",\"position\":2,\"name\":\"Visite de l&#8217;exposition &#8220;Au-del\u00e0 du r\u00e9el&#8221; \u00e0 la galerie Lympia\"}]},{\"@type\":\"WebSite\",\"@id\":\"http:\\\/\\\/blog.nojo.fr\\\/#website\",\"url\":\"http:\\\/\\\/blog.nojo.fr\\\/\",\"name\":\"Le blog de Sergiodadi\",\"description\":\"Un peu de tout\u2026 Musique, Livres, Amis, Mus\u00e9es, Spectacles\u2026\",\"potentialAction\":[{\"@type\":\"SearchAction\",\"target\":{\"@type\":\"EntryPoint\",\"urlTemplate\":\"http:\\\/\\\/blog.nojo.fr\\\/?s={search_term_string}\"},\"query-input\":{\"@type\":\"PropertyValueSpecification\",\"valueRequired\":true,\"valueName\":\"search_term_string\"}}],\"inLanguage\":\"fr-FR\"},{\"@type\":\"Person\",\"@id\":\"http:\\\/\\\/blog.nojo.fr\\\/#\\\/schema\\\/person\\\/707d71280d1614570f9444dc005cccd0\",\"name\":\"admin-serge\",\"image\":{\"@type\":\"ImageObject\",\"inLanguage\":\"fr-FR\",\"@id\":\"https:\\\/\\\/secure.gravatar.com\\\/avatar\\\/8e91f94c902d837af08d31aa84904cd69aba8327cfda178714a55a31e57dace2?s=96&d=mm&r=g\",\"url\":\"https:\\\/\\\/secure.gravatar.com\\\/avatar\\\/8e91f94c902d837af08d31aa84904cd69aba8327cfda178714a55a31e57dace2?s=96&d=mm&r=g\",\"contentUrl\":\"https:\\\/\\\/secure.gravatar.com\\\/avatar\\\/8e91f94c902d837af08d31aa84904cd69aba8327cfda178714a55a31e57dace2?s=96&d=mm&r=g\",\"caption\":\"admin-serge\"},\"sameAs\":[\"http:\\\/\\\/blog-4.nojo.fr\"],\"url\":\"http:\\\/\\\/blog.nojo.fr\\\/index.php\\\/author\\\/admin-serge\\\/\"}]}<\/script>\n<!-- \/ Yoast SEO plugin. -->","yoast_head_json":{"title":"Visite de l'exposition \"Au-del\u00e0 du r\u00e9el\" \u00e0 la galerie Lympia - Le blog de Sergiodadi","description":"visite de l'exposition \"Au-del\u00e0 du r\u00e9el\" \u00e0 la galerie Lympia","robots":{"index":"index","follow":"follow","max-snippet":"max-snippet:-1","max-image-preview":"max-image-preview:large","max-video-preview":"max-video-preview:-1"},"canonical":"http:\/\/blog.nojo.fr\/index.php\/2024\/08\/24\/visite-de-lexposition-au-dela-du-reel-a-la-galerie-lympia\/","og_locale":"fr_FR","og_type":"article","og_title":"Visite de l'exposition \"Au-del\u00e0 du r\u00e9el\" \u00e0 la galerie Lympia - Le blog de Sergiodadi","og_description":"visite de l'exposition \"Au-del\u00e0 du r\u00e9el\" \u00e0 la galerie Lympia","og_url":"http:\/\/blog.nojo.fr\/index.php\/2024\/08\/24\/visite-de-lexposition-au-dela-du-reel-a-la-galerie-lympia\/","og_site_name":"Le blog de Sergiodadi","article_published_time":"2024-08-24T20:52:47+00:00","article_modified_time":"2024-08-25T12:53:17+00:00","og_image":[{"url":"http:\/\/blog.nojo.fr\/wp-content\/uploads\/2024\/08\/IMG_2500-300x225.jpeg","type":"","width":"","height":""}],"author":"admin-serge","twitter_card":"summary_large_image","twitter_misc":{"\u00c9crit par":"admin-serge","Dur\u00e9e de lecture estim\u00e9e":"5 minutes"},"schema":{"@context":"https:\/\/schema.org","@graph":[{"@type":"Article","@id":"http:\/\/blog.nojo.fr\/index.php\/2024\/08\/24\/visite-de-lexposition-au-dela-du-reel-a-la-galerie-lympia\/#article","isPartOf":{"@id":"http:\/\/blog.nojo.fr\/index.php\/2024\/08\/24\/visite-de-lexposition-au-dela-du-reel-a-la-galerie-lympia\/"},"author":{"name":"admin-serge","@id":"http:\/\/blog.nojo.fr\/#\/schema\/person\/707d71280d1614570f9444dc005cccd0"},"headline":"Visite de l&#8217;exposition &#8220;Au-del\u00e0 du r\u00e9el&#8221; \u00e0 la galerie Lympia","datePublished":"2024-08-24T20:52:47+00:00","dateModified":"2024-08-25T12:53:17+00:00","mainEntityOfPage":{"@id":"http:\/\/blog.nojo.fr\/index.php\/2024\/08\/24\/visite-de-lexposition-au-dela-du-reel-a-la-galerie-lympia\/"},"wordCount":946,"commentCount":0,"image":{"@id":"http:\/\/blog.nojo.fr\/index.php\/2024\/08\/24\/visite-de-lexposition-au-dela-du-reel-a-la-galerie-lympia\/#primaryimage"},"thumbnailUrl":"http:\/\/blog.nojo.fr\/wp-content\/uploads\/2024\/08\/IMG_2500-300x225.jpeg","inLanguage":"fr-FR","potentialAction":[{"@type":"CommentAction","name":"Comment","target":["http:\/\/blog.nojo.fr\/index.php\/2024\/08\/24\/visite-de-lexposition-au-dela-du-reel-a-la-galerie-lympia\/#respond"]}]},{"@type":"WebPage","@id":"http:\/\/blog.nojo.fr\/index.php\/2024\/08\/24\/visite-de-lexposition-au-dela-du-reel-a-la-galerie-lympia\/","url":"http:\/\/blog.nojo.fr\/index.php\/2024\/08\/24\/visite-de-lexposition-au-dela-du-reel-a-la-galerie-lympia\/","name":"Visite de l'exposition \"Au-del\u00e0 du r\u00e9el\" \u00e0 la galerie Lympia - Le blog de Sergiodadi","isPartOf":{"@id":"http:\/\/blog.nojo.fr\/#website"},"primaryImageOfPage":{"@id":"http:\/\/blog.nojo.fr\/index.php\/2024\/08\/24\/visite-de-lexposition-au-dela-du-reel-a-la-galerie-lympia\/#primaryimage"},"image":{"@id":"http:\/\/blog.nojo.fr\/index.php\/2024\/08\/24\/visite-de-lexposition-au-dela-du-reel-a-la-galerie-lympia\/#primaryimage"},"thumbnailUrl":"http:\/\/blog.nojo.fr\/wp-content\/uploads\/2024\/08\/IMG_2500-300x225.jpeg","datePublished":"2024-08-24T20:52:47+00:00","dateModified":"2024-08-25T12:53:17+00:00","author":{"@id":"http:\/\/blog.nojo.fr\/#\/schema\/person\/707d71280d1614570f9444dc005cccd0"},"description":"visite de l'exposition \"Au-del\u00e0 du r\u00e9el\" \u00e0 la galerie Lympia","breadcrumb":{"@id":"http:\/\/blog.nojo.fr\/index.php\/2024\/08\/24\/visite-de-lexposition-au-dela-du-reel-a-la-galerie-lympia\/#breadcrumb"},"inLanguage":"fr-FR","potentialAction":[{"@type":"ReadAction","target":["http:\/\/blog.nojo.fr\/index.php\/2024\/08\/24\/visite-de-lexposition-au-dela-du-reel-a-la-galerie-lympia\/"]}]},{"@type":"ImageObject","inLanguage":"fr-FR","@id":"http:\/\/blog.nojo.fr\/index.php\/2024\/08\/24\/visite-de-lexposition-au-dela-du-reel-a-la-galerie-lympia\/#primaryimage","url":"http:\/\/blog.nojo.fr\/wp-content\/uploads\/2024\/08\/IMG_2500-scaled.jpeg","contentUrl":"http:\/\/blog.nojo.fr\/wp-content\/uploads\/2024\/08\/IMG_2500-scaled.jpeg","width":2560,"height":1920,"caption":"Galerie Lympia"},{"@type":"BreadcrumbList","@id":"http:\/\/blog.nojo.fr\/index.php\/2024\/08\/24\/visite-de-lexposition-au-dela-du-reel-a-la-galerie-lympia\/#breadcrumb","itemListElement":[{"@type":"ListItem","position":1,"name":"Home","item":"http:\/\/blog.nojo.fr\/"},{"@type":"ListItem","position":2,"name":"Visite de l&#8217;exposition &#8220;Au-del\u00e0 du r\u00e9el&#8221; \u00e0 la galerie Lympia"}]},{"@type":"WebSite","@id":"http:\/\/blog.nojo.fr\/#website","url":"http:\/\/blog.nojo.fr\/","name":"Le blog de Sergiodadi","description":"Un peu de tout\u2026 Musique, Livres, Amis, Mus\u00e9es, Spectacles\u2026","potentialAction":[{"@type":"SearchAction","target":{"@type":"EntryPoint","urlTemplate":"http:\/\/blog.nojo.fr\/?s={search_term_string}"},"query-input":{"@type":"PropertyValueSpecification","valueRequired":true,"valueName":"search_term_string"}}],"inLanguage":"fr-FR"},{"@type":"Person","@id":"http:\/\/blog.nojo.fr\/#\/schema\/person\/707d71280d1614570f9444dc005cccd0","name":"admin-serge","image":{"@type":"ImageObject","inLanguage":"fr-FR","@id":"https:\/\/secure.gravatar.com\/avatar\/8e91f94c902d837af08d31aa84904cd69aba8327cfda178714a55a31e57dace2?s=96&d=mm&r=g","url":"https:\/\/secure.gravatar.com\/avatar\/8e91f94c902d837af08d31aa84904cd69aba8327cfda178714a55a31e57dace2?s=96&d=mm&r=g","contentUrl":"https:\/\/secure.gravatar.com\/avatar\/8e91f94c902d837af08d31aa84904cd69aba8327cfda178714a55a31e57dace2?s=96&d=mm&r=g","caption":"admin-serge"},"sameAs":["http:\/\/blog-4.nojo.fr"],"url":"http:\/\/blog.nojo.fr\/index.php\/author\/admin-serge\/"}]}},"_links":{"self":[{"href":"http:\/\/blog.nojo.fr\/index.php\/wp-json\/wp\/v2\/posts\/25786","targetHints":{"allow":["GET"]}}],"collection":[{"href":"http:\/\/blog.nojo.fr\/index.php\/wp-json\/wp\/v2\/posts"}],"about":[{"href":"http:\/\/blog.nojo.fr\/index.php\/wp-json\/wp\/v2\/types\/post"}],"author":[{"embeddable":true,"href":"http:\/\/blog.nojo.fr\/index.php\/wp-json\/wp\/v2\/users\/1"}],"replies":[{"embeddable":true,"href":"http:\/\/blog.nojo.fr\/index.php\/wp-json\/wp\/v2\/comments?post=25786"}],"version-history":[{"count":3,"href":"http:\/\/blog.nojo.fr\/index.php\/wp-json\/wp\/v2\/posts\/25786\/revisions"}],"predecessor-version":[{"id":25793,"href":"http:\/\/blog.nojo.fr\/index.php\/wp-json\/wp\/v2\/posts\/25786\/revisions\/25793"}],"wp:attachment":[{"href":"http:\/\/blog.nojo.fr\/index.php\/wp-json\/wp\/v2\/media?parent=25786"}],"wp:term":[{"taxonomy":"category","embeddable":true,"href":"http:\/\/blog.nojo.fr\/index.php\/wp-json\/wp\/v2\/categories?post=25786"},{"taxonomy":"post_tag","embeddable":true,"href":"http:\/\/blog.nojo.fr\/index.php\/wp-json\/wp\/v2\/tags?post=25786"}],"curies":[{"name":"wp","href":"https:\/\/api.w.org\/{rel}","templated":true}]}}