{"id":25844,"date":"2024-10-26T23:14:33","date_gmt":"2024-10-26T21:14:33","guid":{"rendered":"https:\/\/blog.nojo.fr\/?p=25844"},"modified":"2024-10-28T10:14:49","modified_gmt":"2024-10-28T09:14:49","slug":"concert-de-franco-morone","status":"publish","type":"post","link":"http:\/\/blog.nojo.fr\/index.php\/2024\/10\/26\/concert-de-franco-morone\/","title":{"rendered":"Concert de Franco Morone"},"content":{"rendered":"<div class=\"xdj266r x11i5rnm xat24cr x1mh8g0r x1vvkbs x126k92a\">\n<div dir=\"auto\"><img loading=\"lazy\" decoding=\"async\" class=\"alignnone size-medium wp-image-25845\" src=\"https:\/\/blog.nojo.fr\/wp-content\/uploads\/2024\/10\/IMG_2844-300x268.jpeg\" alt=\"Franco Morone\" width=\"300\" height=\"268\" srcset=\"http:\/\/blog.nojo.fr\/wp-content\/uploads\/2024\/10\/IMG_2844-300x268.jpeg 300w, http:\/\/blog.nojo.fr\/wp-content\/uploads\/2024\/10\/IMG_2844-1024x915.jpeg 1024w, http:\/\/blog.nojo.fr\/wp-content\/uploads\/2024\/10\/IMG_2844-768x686.jpeg 768w, http:\/\/blog.nojo.fr\/wp-content\/uploads\/2024\/10\/IMG_2844-1536x1372.jpeg 1536w, http:\/\/blog.nojo.fr\/wp-content\/uploads\/2024\/10\/IMG_2844-2048x1829.jpeg 2048w, http:\/\/blog.nojo.fr\/wp-content\/uploads\/2024\/10\/IMG_2844-624x557.jpeg 624w\" sizes=\"auto, (max-width: 300px) 100vw, 300px\" \/><\/div>\n<div dir=\"auto\">&nbsp;<\/div>\n<div dir=\"auto\">Concert de <a href=\"https:\/\/www.francomorone.it\/en\/\">Franco Morone<\/a> dans le cadre du festival de guitare de Nice.<\/div>\n<\/div>\n<div class=\"x11i5rnm xat24cr x1mh8g0r x1vvkbs xtlvy1s x126k92a\">\n<div dir=\"auto\">&nbsp;<\/div>\n<div dir=\"auto\">L\u2019un des guitaristes italiens les plus appr\u00e9ci\u00e9s \u00e0 l\u2019\u00e9tranger, il est l\u2019un des rares, comme l\u2019\u00e9crit le magazine am\u00e9ricain <a href=\"https:\/\/store.acousticguitar.com\/collections\/back-issues\">Acoustic Guitar<\/a>, \u00e0 \u00eatre capable d\u2019avoir un son personnel et reconnaissable.<\/div>\n<div dir=\"auto\">&nbsp;<\/div>\n<div dir=\"auto\">Son r\u00e9pertoire est solidement ancr\u00e9 dans le blues, le jazz, le celtisme et le folklore italien, des langues qu\u2019il ma\u00eetrise avec une comp\u00e9tence absolue.<\/div>\n<\/div>\n<p><!--more--><\/p>\n<div class=\"x11i5rnm xat24cr x1mh8g0r x1vvkbs xtlvy1s x126k92a\">\n<div dir=\"auto\">ngg_shortcode_0_placeholder<\/div>\n<div dir=\"auto\">&nbsp;<\/div>\n<div dir=\"auto\">Assister \u00e0 l\u2019un de ses concerts, c\u2019est s\u2019embarquer pour un voyage passionnant \u00e0 travers la musique limite, les standards et les pi\u00e8ces originales, les chemins d\u2019un art qui allie habilement culture et sentiment.<\/div>\n<div dir=\"auto\">&nbsp;<\/div>\n<\/div>\n<div class=\"x11i5rnm xat24cr x1mh8g0r x1vvkbs xtlvy1s x126k92a\">\n<div dir=\"auto\">Ses m\u00e9lodies, interpr\u00e9t\u00e9es avec une extraordinaire sensibilit\u00e9, procurent des \u00e9motions d\u00e8s la premi\u00e8re \u00e9coute. Avec sa guitare, on a le sentiment de pouvoir \u00eatre transport\u00e9 n\u2019importe o\u00f9 avec une poign\u00e9e de notes, pris par la main par un son chaud et doux, plein de rythmes d\u00e9licats et de lignes de contrepoint originales.<\/div>\n<div dir=\"auto\">&nbsp;<\/div>\n<\/div>\n<div class=\"x11i5rnm xat24cr x1mh8g0r x1vvkbs xtlvy1s x126k92a\">\n<div dir=\"auto\">Cette ann\u00e9e, il pr\u00e9sente son nouveau CD \u00ab <em>Strings of Heart<\/em> \u00bb avec des morceaux et des arrangements originaux qui confirment son nom parmi les grands interpr\u00e8tes internationaux de la guitare acoustique.<\/div>\n<\/div>\n","protected":false},"excerpt":{"rendered":"<p>&nbsp; Concert de Franco Morone dans le cadre du festival de guitare de Nice. &nbsp; L\u2019un des guitaristes italiens les plus appr\u00e9ci\u00e9s \u00e0 l\u2019\u00e9tranger, il est l\u2019un des rares, comme l\u2019\u00e9crit le magazine am\u00e9ricain Acoustic Guitar, \u00e0 \u00eatre capable d\u2019avoir un son personnel et reconnaissable. &nbsp; Son r\u00e9pertoire est solidement ancr\u00e9 dans le blues, le [&hellip;]<\/p>\n","protected":false},"author":1,"featured_media":0,"comment_status":"open","ping_status":"open","sticky":false,"template":"","format":"standard","meta":{"wikipediapreview_detectlinks":true,"ngg_post_thumbnail":0,"footnotes":""},"categories":[5,11],"tags":[31,43,44],"class_list":["post-25844","post","type-post","status-publish","format-standard","hentry","category-concert","category-musique","tag-concert","tag-musique","tag-nice"],"yoast_head":"<!-- This site is optimized with the Yoast SEO plugin v27.5 - https:\/\/yoast.com\/product\/yoast-seo-wordpress\/ -->\n<title>Concert de Franco Morone - Le blog de Sergiodadi<\/title>\n<meta name=\"description\" content=\"Concert de Franco Morone\" \/>\n<meta name=\"robots\" content=\"index, follow, max-snippet:-1, max-image-preview:large, max-video-preview:-1\" \/>\n<link rel=\"canonical\" href=\"http:\/\/blog.nojo.fr\/index.php\/2024\/10\/26\/concert-de-franco-morone\/\" \/>\n<meta property=\"og:locale\" content=\"fr_FR\" \/>\n<meta property=\"og:type\" content=\"article\" \/>\n<meta property=\"og:title\" content=\"Concert de Franco Morone - Le blog de Sergiodadi\" \/>\n<meta property=\"og:description\" content=\"Concert de Franco Morone\" \/>\n<meta property=\"og:url\" content=\"http:\/\/blog.nojo.fr\/index.php\/2024\/10\/26\/concert-de-franco-morone\/\" \/>\n<meta property=\"og:site_name\" content=\"Le blog de Sergiodadi\" \/>\n<meta property=\"article:published_time\" content=\"2024-10-26T21:14:33+00:00\" \/>\n<meta property=\"article:modified_time\" content=\"2024-10-28T09:14:49+00:00\" \/>\n<meta property=\"og:image\" content=\"https:\/\/blog.nojo.fr\/wp-content\/uploads\/2024\/10\/IMG_2844-300x268.jpeg\" \/>\n<meta name=\"author\" content=\"admin-serge\" \/>\n<meta name=\"twitter:card\" content=\"summary_large_image\" \/>\n<meta name=\"twitter:label1\" content=\"\u00c9crit par\" \/>\n\t<meta name=\"twitter:data1\" content=\"admin-serge\" \/>\n\t<meta name=\"twitter:label2\" content=\"Dur\u00e9e de lecture estim\u00e9e\" \/>\n\t<meta name=\"twitter:data2\" content=\"2 minutes\" \/>\n<script type=\"application\/ld+json\" class=\"yoast-schema-graph\">{\"@context\":\"https:\\\/\\\/schema.org\",\"@graph\":[{\"@type\":\"Article\",\"@id\":\"http:\\\/\\\/blog.nojo.fr\\\/index.php\\\/2024\\\/10\\\/26\\\/concert-de-franco-morone\\\/#article\",\"isPartOf\":{\"@id\":\"http:\\\/\\\/blog.nojo.fr\\\/index.php\\\/2024\\\/10\\\/26\\\/concert-de-franco-morone\\\/\"},\"author\":{\"name\":\"admin-serge\",\"@id\":\"http:\\\/\\\/blog.nojo.fr\\\/#\\\/schema\\\/person\\\/707d71280d1614570f9444dc005cccd0\"},\"headline\":\"Concert de Franco Morone\",\"datePublished\":\"2024-10-26T21:14:33+00:00\",\"dateModified\":\"2024-10-28T09:14:49+00:00\",\"mainEntityOfPage\":{\"@id\":\"http:\\\/\\\/blog.nojo.fr\\\/index.php\\\/2024\\\/10\\\/26\\\/concert-de-franco-morone\\\/\"},\"wordCount\":225,\"commentCount\":0,\"image\":{\"@id\":\"http:\\\/\\\/blog.nojo.fr\\\/index.php\\\/2024\\\/10\\\/26\\\/concert-de-franco-morone\\\/#primaryimage\"},\"thumbnailUrl\":\"https:\\\/\\\/blog.nojo.fr\\\/wp-content\\\/uploads\\\/2024\\\/10\\\/IMG_2844-300x268.jpeg\",\"keywords\":[\"Concert\",\"Musique\",\"Nice\"],\"articleSection\":[\"Concert\",\"Musique\"],\"inLanguage\":\"fr-FR\",\"potentialAction\":[{\"@type\":\"CommentAction\",\"name\":\"Comment\",\"target\":[\"http:\\\/\\\/blog.nojo.fr\\\/index.php\\\/2024\\\/10\\\/26\\\/concert-de-franco-morone\\\/#respond\"]}]},{\"@type\":\"WebPage\",\"@id\":\"http:\\\/\\\/blog.nojo.fr\\\/index.php\\\/2024\\\/10\\\/26\\\/concert-de-franco-morone\\\/\",\"url\":\"http:\\\/\\\/blog.nojo.fr\\\/index.php\\\/2024\\\/10\\\/26\\\/concert-de-franco-morone\\\/\",\"name\":\"Concert de Franco Morone - Le blog de Sergiodadi\",\"isPartOf\":{\"@id\":\"http:\\\/\\\/blog.nojo.fr\\\/#website\"},\"primaryImageOfPage\":{\"@id\":\"http:\\\/\\\/blog.nojo.fr\\\/index.php\\\/2024\\\/10\\\/26\\\/concert-de-franco-morone\\\/#primaryimage\"},\"image\":{\"@id\":\"http:\\\/\\\/blog.nojo.fr\\\/index.php\\\/2024\\\/10\\\/26\\\/concert-de-franco-morone\\\/#primaryimage\"},\"thumbnailUrl\":\"https:\\\/\\\/blog.nojo.fr\\\/wp-content\\\/uploads\\\/2024\\\/10\\\/IMG_2844-300x268.jpeg\",\"datePublished\":\"2024-10-26T21:14:33+00:00\",\"dateModified\":\"2024-10-28T09:14:49+00:00\",\"author\":{\"@id\":\"http:\\\/\\\/blog.nojo.fr\\\/#\\\/schema\\\/person\\\/707d71280d1614570f9444dc005cccd0\"},\"description\":\"Concert de Franco Morone\",\"breadcrumb\":{\"@id\":\"http:\\\/\\\/blog.nojo.fr\\\/index.php\\\/2024\\\/10\\\/26\\\/concert-de-franco-morone\\\/#breadcrumb\"},\"inLanguage\":\"fr-FR\",\"potentialAction\":[{\"@type\":\"ReadAction\",\"target\":[\"http:\\\/\\\/blog.nojo.fr\\\/index.php\\\/2024\\\/10\\\/26\\\/concert-de-franco-morone\\\/\"]}]},{\"@type\":\"ImageObject\",\"inLanguage\":\"fr-FR\",\"@id\":\"http:\\\/\\\/blog.nojo.fr\\\/index.php\\\/2024\\\/10\\\/26\\\/concert-de-franco-morone\\\/#primaryimage\",\"url\":\"http:\\\/\\\/blog.nojo.fr\\\/wp-content\\\/uploads\\\/2024\\\/10\\\/IMG_2844.jpeg\",\"contentUrl\":\"http:\\\/\\\/blog.nojo.fr\\\/wp-content\\\/uploads\\\/2024\\\/10\\\/IMG_2844.jpeg\",\"width\":2406,\"height\":2149,\"caption\":\"Franco Morone\"},{\"@type\":\"BreadcrumbList\",\"@id\":\"http:\\\/\\\/blog.nojo.fr\\\/index.php\\\/2024\\\/10\\\/26\\\/concert-de-franco-morone\\\/#breadcrumb\",\"itemListElement\":[{\"@type\":\"ListItem\",\"position\":1,\"name\":\"Home\",\"item\":\"http:\\\/\\\/blog.nojo.fr\\\/\"},{\"@type\":\"ListItem\",\"position\":2,\"name\":\"Concert de Franco Morone\"}]},{\"@type\":\"WebSite\",\"@id\":\"http:\\\/\\\/blog.nojo.fr\\\/#website\",\"url\":\"http:\\\/\\\/blog.nojo.fr\\\/\",\"name\":\"Le blog de Sergiodadi\",\"description\":\"Un peu de tout\u2026 Musique, Livres, Amis, Mus\u00e9es, Spectacles\u2026\",\"potentialAction\":[{\"@type\":\"SearchAction\",\"target\":{\"@type\":\"EntryPoint\",\"urlTemplate\":\"http:\\\/\\\/blog.nojo.fr\\\/?s={search_term_string}\"},\"query-input\":{\"@type\":\"PropertyValueSpecification\",\"valueRequired\":true,\"valueName\":\"search_term_string\"}}],\"inLanguage\":\"fr-FR\"},{\"@type\":\"Person\",\"@id\":\"http:\\\/\\\/blog.nojo.fr\\\/#\\\/schema\\\/person\\\/707d71280d1614570f9444dc005cccd0\",\"name\":\"admin-serge\",\"image\":{\"@type\":\"ImageObject\",\"inLanguage\":\"fr-FR\",\"@id\":\"https:\\\/\\\/secure.gravatar.com\\\/avatar\\\/8e91f94c902d837af08d31aa84904cd69aba8327cfda178714a55a31e57dace2?s=96&d=mm&r=g\",\"url\":\"https:\\\/\\\/secure.gravatar.com\\\/avatar\\\/8e91f94c902d837af08d31aa84904cd69aba8327cfda178714a55a31e57dace2?s=96&d=mm&r=g\",\"contentUrl\":\"https:\\\/\\\/secure.gravatar.com\\\/avatar\\\/8e91f94c902d837af08d31aa84904cd69aba8327cfda178714a55a31e57dace2?s=96&d=mm&r=g\",\"caption\":\"admin-serge\"},\"sameAs\":[\"http:\\\/\\\/blog-4.nojo.fr\"],\"url\":\"http:\\\/\\\/blog.nojo.fr\\\/index.php\\\/author\\\/admin-serge\\\/\"}]}<\/script>\n<!-- \/ Yoast SEO plugin. -->","yoast_head_json":{"title":"Concert de Franco Morone - Le blog de Sergiodadi","description":"Concert de Franco Morone","robots":{"index":"index","follow":"follow","max-snippet":"max-snippet:-1","max-image-preview":"max-image-preview:large","max-video-preview":"max-video-preview:-1"},"canonical":"http:\/\/blog.nojo.fr\/index.php\/2024\/10\/26\/concert-de-franco-morone\/","og_locale":"fr_FR","og_type":"article","og_title":"Concert de Franco Morone - Le blog de Sergiodadi","og_description":"Concert de Franco Morone","og_url":"http:\/\/blog.nojo.fr\/index.php\/2024\/10\/26\/concert-de-franco-morone\/","og_site_name":"Le blog de Sergiodadi","article_published_time":"2024-10-26T21:14:33+00:00","article_modified_time":"2024-10-28T09:14:49+00:00","og_image":[{"url":"https:\/\/blog.nojo.fr\/wp-content\/uploads\/2024\/10\/IMG_2844-300x268.jpeg","type":"","width":"","height":""}],"author":"admin-serge","twitter_card":"summary_large_image","twitter_misc":{"\u00c9crit par":"admin-serge","Dur\u00e9e de lecture estim\u00e9e":"2 minutes"},"schema":{"@context":"https:\/\/schema.org","@graph":[{"@type":"Article","@id":"http:\/\/blog.nojo.fr\/index.php\/2024\/10\/26\/concert-de-franco-morone\/#article","isPartOf":{"@id":"http:\/\/blog.nojo.fr\/index.php\/2024\/10\/26\/concert-de-franco-morone\/"},"author":{"name":"admin-serge","@id":"http:\/\/blog.nojo.fr\/#\/schema\/person\/707d71280d1614570f9444dc005cccd0"},"headline":"Concert de Franco Morone","datePublished":"2024-10-26T21:14:33+00:00","dateModified":"2024-10-28T09:14:49+00:00","mainEntityOfPage":{"@id":"http:\/\/blog.nojo.fr\/index.php\/2024\/10\/26\/concert-de-franco-morone\/"},"wordCount":225,"commentCount":0,"image":{"@id":"http:\/\/blog.nojo.fr\/index.php\/2024\/10\/26\/concert-de-franco-morone\/#primaryimage"},"thumbnailUrl":"https:\/\/blog.nojo.fr\/wp-content\/uploads\/2024\/10\/IMG_2844-300x268.jpeg","keywords":["Concert","Musique","Nice"],"articleSection":["Concert","Musique"],"inLanguage":"fr-FR","potentialAction":[{"@type":"CommentAction","name":"Comment","target":["http:\/\/blog.nojo.fr\/index.php\/2024\/10\/26\/concert-de-franco-morone\/#respond"]}]},{"@type":"WebPage","@id":"http:\/\/blog.nojo.fr\/index.php\/2024\/10\/26\/concert-de-franco-morone\/","url":"http:\/\/blog.nojo.fr\/index.php\/2024\/10\/26\/concert-de-franco-morone\/","name":"Concert de Franco Morone - Le blog de Sergiodadi","isPartOf":{"@id":"http:\/\/blog.nojo.fr\/#website"},"primaryImageOfPage":{"@id":"http:\/\/blog.nojo.fr\/index.php\/2024\/10\/26\/concert-de-franco-morone\/#primaryimage"},"image":{"@id":"http:\/\/blog.nojo.fr\/index.php\/2024\/10\/26\/concert-de-franco-morone\/#primaryimage"},"thumbnailUrl":"https:\/\/blog.nojo.fr\/wp-content\/uploads\/2024\/10\/IMG_2844-300x268.jpeg","datePublished":"2024-10-26T21:14:33+00:00","dateModified":"2024-10-28T09:14:49+00:00","author":{"@id":"http:\/\/blog.nojo.fr\/#\/schema\/person\/707d71280d1614570f9444dc005cccd0"},"description":"Concert de Franco Morone","breadcrumb":{"@id":"http:\/\/blog.nojo.fr\/index.php\/2024\/10\/26\/concert-de-franco-morone\/#breadcrumb"},"inLanguage":"fr-FR","potentialAction":[{"@type":"ReadAction","target":["http:\/\/blog.nojo.fr\/index.php\/2024\/10\/26\/concert-de-franco-morone\/"]}]},{"@type":"ImageObject","inLanguage":"fr-FR","@id":"http:\/\/blog.nojo.fr\/index.php\/2024\/10\/26\/concert-de-franco-morone\/#primaryimage","url":"http:\/\/blog.nojo.fr\/wp-content\/uploads\/2024\/10\/IMG_2844.jpeg","contentUrl":"http:\/\/blog.nojo.fr\/wp-content\/uploads\/2024\/10\/IMG_2844.jpeg","width":2406,"height":2149,"caption":"Franco Morone"},{"@type":"BreadcrumbList","@id":"http:\/\/blog.nojo.fr\/index.php\/2024\/10\/26\/concert-de-franco-morone\/#breadcrumb","itemListElement":[{"@type":"ListItem","position":1,"name":"Home","item":"http:\/\/blog.nojo.fr\/"},{"@type":"ListItem","position":2,"name":"Concert de Franco Morone"}]},{"@type":"WebSite","@id":"http:\/\/blog.nojo.fr\/#website","url":"http:\/\/blog.nojo.fr\/","name":"Le blog de Sergiodadi","description":"Un peu de tout\u2026 Musique, Livres, Amis, Mus\u00e9es, Spectacles\u2026","potentialAction":[{"@type":"SearchAction","target":{"@type":"EntryPoint","urlTemplate":"http:\/\/blog.nojo.fr\/?s={search_term_string}"},"query-input":{"@type":"PropertyValueSpecification","valueRequired":true,"valueName":"search_term_string"}}],"inLanguage":"fr-FR"},{"@type":"Person","@id":"http:\/\/blog.nojo.fr\/#\/schema\/person\/707d71280d1614570f9444dc005cccd0","name":"admin-serge","image":{"@type":"ImageObject","inLanguage":"fr-FR","@id":"https:\/\/secure.gravatar.com\/avatar\/8e91f94c902d837af08d31aa84904cd69aba8327cfda178714a55a31e57dace2?s=96&d=mm&r=g","url":"https:\/\/secure.gravatar.com\/avatar\/8e91f94c902d837af08d31aa84904cd69aba8327cfda178714a55a31e57dace2?s=96&d=mm&r=g","contentUrl":"https:\/\/secure.gravatar.com\/avatar\/8e91f94c902d837af08d31aa84904cd69aba8327cfda178714a55a31e57dace2?s=96&d=mm&r=g","caption":"admin-serge"},"sameAs":["http:\/\/blog-4.nojo.fr"],"url":"http:\/\/blog.nojo.fr\/index.php\/author\/admin-serge\/"}]}},"_links":{"self":[{"href":"http:\/\/blog.nojo.fr\/index.php\/wp-json\/wp\/v2\/posts\/25844","targetHints":{"allow":["GET"]}}],"collection":[{"href":"http:\/\/blog.nojo.fr\/index.php\/wp-json\/wp\/v2\/posts"}],"about":[{"href":"http:\/\/blog.nojo.fr\/index.php\/wp-json\/wp\/v2\/types\/post"}],"author":[{"embeddable":true,"href":"http:\/\/blog.nojo.fr\/index.php\/wp-json\/wp\/v2\/users\/1"}],"replies":[{"embeddable":true,"href":"http:\/\/blog.nojo.fr\/index.php\/wp-json\/wp\/v2\/comments?post=25844"}],"version-history":[{"count":1,"href":"http:\/\/blog.nojo.fr\/index.php\/wp-json\/wp\/v2\/posts\/25844\/revisions"}],"predecessor-version":[{"id":25846,"href":"http:\/\/blog.nojo.fr\/index.php\/wp-json\/wp\/v2\/posts\/25844\/revisions\/25846"}],"wp:attachment":[{"href":"http:\/\/blog.nojo.fr\/index.php\/wp-json\/wp\/v2\/media?parent=25844"}],"wp:term":[{"taxonomy":"category","embeddable":true,"href":"http:\/\/blog.nojo.fr\/index.php\/wp-json\/wp\/v2\/categories?post=25844"},{"taxonomy":"post_tag","embeddable":true,"href":"http:\/\/blog.nojo.fr\/index.php\/wp-json\/wp\/v2\/tags?post=25844"}],"curies":[{"name":"wp","href":"https:\/\/api.w.org\/{rel}","templated":true}]}}