{"id":25991,"date":"2025-03-08T22:32:25","date_gmt":"2025-03-08T21:32:25","guid":{"rendered":"https:\/\/blog.nojo.fr\/?p=25991"},"modified":"2025-03-14T10:32:45","modified_gmt":"2025-03-14T09:32:45","slug":"visite-de-lexposition-ukraine-la-mort-dans-lame-a-la-galerie-lympia","status":"publish","type":"post","link":"http:\/\/blog.nojo.fr\/index.php\/2025\/03\/08\/visite-de-lexposition-ukraine-la-mort-dans-lame-a-la-galerie-lympia\/","title":{"rendered":"Visite de l&#8217;exposition &#8220;Ukraine, la mort dans l\u2019\u00e2me&#8221; \u00e0 la galerie Lympia"},"content":{"rendered":"<div class=\"xdj266r x11i5rnm xat24cr x1mh8g0r x1vvkbs x126k92a\">\n<div dir=\"auto\"><img loading=\"lazy\" decoding=\"async\" class=\"alignnone size-medium wp-image-26010\" src=\"https:\/\/blog.nojo.fr\/wp-content\/uploads\/2025\/03\/IMG_3706-300x207.jpeg\" alt=\"\" width=\"300\" height=\"207\" srcset=\"http:\/\/blog.nojo.fr\/wp-content\/uploads\/2025\/03\/IMG_3706-300x207.jpeg 300w, http:\/\/blog.nojo.fr\/wp-content\/uploads\/2025\/03\/IMG_3706-1024x706.jpeg 1024w, http:\/\/blog.nojo.fr\/wp-content\/uploads\/2025\/03\/IMG_3706-768x529.jpeg 768w, http:\/\/blog.nojo.fr\/wp-content\/uploads\/2025\/03\/IMG_3706-1536x1058.jpeg 1536w, http:\/\/blog.nojo.fr\/wp-content\/uploads\/2025\/03\/IMG_3706-2048x1411.jpeg 2048w, http:\/\/blog.nojo.fr\/wp-content\/uploads\/2025\/03\/IMG_3706-624x430.jpeg 624w\" sizes=\"auto, (max-width: 300px) 100vw, 300px\" \/><\/div>\n<div dir=\"auto\">&nbsp;<\/div>\n<div dir=\"auto\">Visite de l&#8217;exposition &#8220;<strong>Ukraine, la mort dans l\u2019\u00e2me<\/strong>&#8221; \u00e0 la galerie Lympia (c&#8217;est l&#8217;ancien bagne de Nice).<\/div>\n<div dir=\"auto\">&nbsp;<\/div>\n<\/div>\n<div class=\"x11i5rnm xat24cr x1mh8g0r x1vvkbs xtlvy1s x126k92a\">\n<div dir=\"auto\">L\u2019<a href=\"https:\/\/espacelympia.departement06.fr\/\">espace culturel d\u00e9partemental Lympia<\/a> pr\u00e9sente l\u2019exposition photographique &#8220;Ukraine, la mort dans l\u2019\u00e2me&#8221;, du 8 f\u00e9vrier au 23 mars 2025. Elle retrace les \u00e9v\u00e9nements marquants de la guerre en Ukraine.<\/div>\n<div dir=\"auto\">&nbsp;<\/div>\n<\/div>\n<div class=\"x11i5rnm xat24cr x1mh8g0r x1vvkbs xtlvy1s x126k92a\">\n<div dir=\"auto\">&nbsp;<\/div>\n<div dir=\"auto\"><strong>Pr\u00e9sentation de l&#8217;exposition<\/strong><\/div>\n<\/div>\n<p><!--more--><\/p>\n<div class=\"x11i5rnm xat24cr x1mh8g0r x1vvkbs xtlvy1s x126k92a\">\n<div dir=\"auto\">ngg_shortcode_0_placeholder&nbsp;<\/p>\n<p>L&#8217;exposition \u00e0 l&#8217;<a href=\"https:\/\/espacelympia.departement06.fr\/\">espace culturel d\u00e9partemental Lympia<\/a> \u00e0 Nice pr\u00e9sente la guerre en <a href=\"https:\/\/fr.wikipedia.org\/wiki\/Ukraine\">Ukraine<\/a> \u00e0 travers le regard de neuf photographes talentueux et audacieux.<\/p>\n<\/div>\n<\/div>\n<div dir=\"auto\">&nbsp;<\/div>\n<div class=\"x11i5rnm xat24cr x1mh8g0r x1vvkbs xtlvy1s x126k92a\">\n<div dir=\"auto\">Ces artistes, grands reporters et objecteurs de conscience, offrent une vision prot\u00e9iforme du conflit, depuis les manifestations pacifiques de Kiev en 2013 jusqu&#8217;au massacre de Boutcha en 2022 et le p\u00e9riple des r\u00e9fugi\u00e9s.<\/div>\n<\/div>\n<div class=\"x11i5rnm xat24cr x1mh8g0r x1vvkbs xtlvy1s x126k92a\">\n<div dir=\"auto\">\u00c0 travers des images saisissantes, l\u2019exposition retrace les r\u00e9alit\u00e9s de la guerre : les destructions, les vies boulevers\u00e9es, mais aussi l\u2019espoir et la r\u00e9silience des populations face \u00e0 l\u2019adversit\u00e9.<\/div>\n<div dir=\"auto\">&nbsp;<\/div>\n<div dir=\"auto\"><strong>Qui sont les artistes expos\u00e9s ?<\/strong><\/div>\n<div dir=\"auto\">&nbsp;<\/div>\n<\/div>\n<div class=\"x11i5rnm xat24cr x1mh8g0r x1vvkbs xtlvy1s x126k92a\">\n<div dir=\"auto\">L\u2019exposition s\u2019ouvre avec <em>Maxim Dondyuk<\/em> qui avait fouill\u00e9 les entrailles maudites de Tchernobyl. Ses plans larges, place de l\u2019Ind\u00e9pendance de Kiev, coupent le souffle et exhalent le parfum \u00e2cre des abominations \u00e0 venir. Elle se boucle dix ans plus tard, sous les \u00e9paisses semelles de V\u00e9ronique de Viguerie englu\u00e9es dans les lacs de sang de Boutcha, ville martyre qui suinte le crime contre l\u2019Humanit\u00e9.<\/div>\n<div dir=\"auto\">&nbsp;<\/div>\n<\/div>\n<div class=\"x11i5rnm xat24cr x1mh8g0r x1vvkbs xtlvy1s x126k92a\">\n<div dir=\"auto\">Sur le chemin temporel qui les s\u00e9pare, se d\u00e9ploie l\u2019album de la trag\u00e9die gla\u00e7ante. <em>\u00c9douard \u00c9lias<\/em>, ex-passager de l\u2019Aquarius, l\u2019esquif de migrants naufrag\u00e9s, nous enlise avec lui dans la boue de ce que l\u2019on croyait \u00e0 jamais r\u00e9volu depuis 14-18 : les tranch\u00e9es !<\/div>\n<div dir=\"auto\">&nbsp;<\/div>\n<\/div>\n<div class=\"x11i5rnm xat24cr x1mh8g0r x1vvkbs xtlvy1s x126k92a\">\n<div dir=\"auto\">L\u2019enterrement avant la mort. <em>Guillaume Herbau<\/em>t sort des t\u00e9n\u00e8bres ce que l\u2019Occident ne voit pas, la promiscuit\u00e9 brutale et malveillante entre l\u00e9gitimistes pro-ukrainiens et s\u00e9paratistes pro-russes qui cohabitent dans le Donbass.<\/div>\n<div dir=\"auto\">&nbsp;<\/div>\n<\/div>\n<div class=\"x11i5rnm xat24cr x1mh8g0r x1vvkbs xtlvy1s x126k92a\">\n<div dir=\"auto\"><em>\u00c9ric Bouvet<\/em> a le statut d\u2019\u00e9claireur de la partie \u00ab exode forc\u00e9 \u00bb. Son r\u00e9cit est celui de la pers\u00e9cution, de la s\u00e9paration d\u00e9chirante des familles, de la d\u00e9tresse d\u2019un enfant \u00e9gar\u00e9 ou d\u2019une grand-m\u00e8re perdue.<\/div>\n<div dir=\"auto\">&nbsp;<\/div>\n<\/div>\n<div class=\"x11i5rnm xat24cr x1mh8g0r x1vvkbs xtlvy1s x126k92a\">\n<div dir=\"auto\">\u00c0 ses c\u00f4t\u00e9s, on trouve <em>Laurent Van der Stockt et Patrick Wack<\/em>. Le premier capte la souffrance import\u00e9e en France, celle des familles ukrainiennes r\u00e9fugi\u00e9es, priv\u00e9es de maris et de p\u00e8res rest\u00e9s au front. Le second t\u00e9moigne de l\u2019exil des intellectuels russes, artistes ou universitaires, qui ont fui la r\u00e9pression, la prison, le tombeau.<\/div>\n<div dir=\"auto\">&nbsp;<\/div>\n<\/div>\n<div class=\"x11i5rnm xat24cr x1mh8g0r x1vvkbs xtlvy1s x126k92a\">\n<div dir=\"auto\">Ukrainiens et Russes soud\u00e9s malgr\u00e9 eux. L\u2019exposition a aussi une vision d\u00e9cal\u00e9e du conflit. Celle d\u2019<em>Antoine d\u2019Agata<\/em>, globe-trotter atypique et transgressif, qu\u2019une grenade lacrymog\u00e8ne a amput\u00e9 d\u2019un \u0153il. De sa chambre noire ont surgi les charniers et la vision clinique d\u2019une Ukraine \u00e9visc\u00e9r\u00e9e et d\u00e9chir\u00e9e.<\/div>\n<div dir=\"auto\">&nbsp;<\/div>\n<\/div>\n<div class=\"x11i5rnm xat24cr x1mh8g0r x1vvkbs xtlvy1s x126k92a\">\n<div dir=\"auto\">Ce dont t\u00e9moigne sans fard <em>Marc Pollini<\/em> \u00e0 travers une s\u00e9rie de portraits quasi anthropom\u00e9triques des ressortissants ukrainiens, expos\u00e9s avec humanit\u00e9. Le photographe, parti en <a href=\"https:\/\/fr.wikipedia.org\/wiki\/Ukraine\">Ukraine<\/a>, a captur\u00e9 les proches des r\u00e9fugi\u00e9s accueillis en Corse, entre exil et retour, entre deux prisons.<\/div>\n<\/div>\n","protected":false},"excerpt":{"rendered":"<p>&nbsp; Visite de l&#8217;exposition &#8220;Ukraine, la mort dans l\u2019\u00e2me&#8221; \u00e0 la galerie Lympia (c&#8217;est l&#8217;ancien bagne de Nice). &nbsp; L\u2019espace culturel d\u00e9partemental Lympia pr\u00e9sente l\u2019exposition photographique &#8220;Ukraine, la mort dans l\u2019\u00e2me&#8221;, du 8 f\u00e9vrier au 23 mars 2025. Elle retrace les \u00e9v\u00e9nements marquants de la guerre en Ukraine. &nbsp; &nbsp; Pr\u00e9sentation de l&#8217;exposition<\/p>\n","protected":false},"author":1,"featured_media":0,"comment_status":"open","ping_status":"closed","sticky":false,"template":"","format":"standard","meta":{"wikipediapreview_detectlinks":true,"ngg_post_thumbnail":0,"footnotes":""},"categories":[10],"tags":[34,42,44],"class_list":["post-25991","post","type-post","status-publish","format-standard","hentry","category-musee","tag-exposition","tag-musee","tag-nice"],"yoast_head":"<!-- This site is optimized with the Yoast SEO plugin v27.4 - https:\/\/yoast.com\/product\/yoast-seo-wordpress\/ -->\n<title>Visite de l&#039;exposition &quot;Ukraine, la mort dans l\u2019\u00e2me&quot; \u00e0 la galerie Lympia - Le blog de Sergiodadi<\/title>\n<meta name=\"description\" content=\"Visite de l&#039;exposition &quot;Ukraine, la mort dans l\u2019\u00e2me&quot; \u00e0 la galerie Lympia\" \/>\n<meta name=\"robots\" content=\"index, follow, max-snippet:-1, max-image-preview:large, max-video-preview:-1\" \/>\n<link rel=\"canonical\" href=\"http:\/\/blog.nojo.fr\/index.php\/2025\/03\/08\/visite-de-lexposition-ukraine-la-mort-dans-lame-a-la-galerie-lympia\/\" \/>\n<meta property=\"og:locale\" content=\"fr_FR\" \/>\n<meta property=\"og:type\" content=\"article\" \/>\n<meta property=\"og:title\" content=\"Visite de l&#039;exposition &quot;Ukraine, la mort dans l\u2019\u00e2me&quot; \u00e0 la galerie Lympia - Le blog de Sergiodadi\" \/>\n<meta property=\"og:description\" content=\"Visite de l&#039;exposition &quot;Ukraine, la mort dans l\u2019\u00e2me&quot; \u00e0 la galerie Lympia\" \/>\n<meta property=\"og:url\" content=\"http:\/\/blog.nojo.fr\/index.php\/2025\/03\/08\/visite-de-lexposition-ukraine-la-mort-dans-lame-a-la-galerie-lympia\/\" \/>\n<meta property=\"og:site_name\" content=\"Le blog de Sergiodadi\" \/>\n<meta property=\"article:published_time\" content=\"2025-03-08T21:32:25+00:00\" \/>\n<meta property=\"article:modified_time\" content=\"2025-03-14T09:32:45+00:00\" \/>\n<meta property=\"og:image\" content=\"https:\/\/blog.nojo.fr\/wp-content\/uploads\/2025\/03\/IMG_3706-300x207.jpeg\" \/>\n<meta name=\"author\" content=\"admin-serge\" \/>\n<meta name=\"twitter:card\" content=\"summary_large_image\" \/>\n<meta name=\"twitter:label1\" content=\"\u00c9crit par\" \/>\n\t<meta name=\"twitter:data1\" content=\"admin-serge\" \/>\n\t<meta name=\"twitter:label2\" content=\"Dur\u00e9e de lecture estim\u00e9e\" \/>\n\t<meta name=\"twitter:data2\" content=\"3 minutes\" \/>\n<script type=\"application\/ld+json\" class=\"yoast-schema-graph\">{\"@context\":\"https:\\\/\\\/schema.org\",\"@graph\":[{\"@type\":\"Article\",\"@id\":\"http:\\\/\\\/blog.nojo.fr\\\/index.php\\\/2025\\\/03\\\/08\\\/visite-de-lexposition-ukraine-la-mort-dans-lame-a-la-galerie-lympia\\\/#article\",\"isPartOf\":{\"@id\":\"http:\\\/\\\/blog.nojo.fr\\\/index.php\\\/2025\\\/03\\\/08\\\/visite-de-lexposition-ukraine-la-mort-dans-lame-a-la-galerie-lympia\\\/\"},\"author\":{\"name\":\"admin-serge\",\"@id\":\"http:\\\/\\\/blog.nojo.fr\\\/#\\\/schema\\\/person\\\/707d71280d1614570f9444dc005cccd0\"},\"headline\":\"Visite de l&#8217;exposition &#8220;Ukraine, la mort dans l\u2019\u00e2me&#8221; \u00e0 la galerie Lympia\",\"datePublished\":\"2025-03-08T21:32:25+00:00\",\"dateModified\":\"2025-03-14T09:32:45+00:00\",\"mainEntityOfPage\":{\"@id\":\"http:\\\/\\\/blog.nojo.fr\\\/index.php\\\/2025\\\/03\\\/08\\\/visite-de-lexposition-ukraine-la-mort-dans-lame-a-la-galerie-lympia\\\/\"},\"wordCount\":565,\"commentCount\":0,\"image\":{\"@id\":\"http:\\\/\\\/blog.nojo.fr\\\/index.php\\\/2025\\\/03\\\/08\\\/visite-de-lexposition-ukraine-la-mort-dans-lame-a-la-galerie-lympia\\\/#primaryimage\"},\"thumbnailUrl\":\"https:\\\/\\\/blog.nojo.fr\\\/wp-content\\\/uploads\\\/2025\\\/03\\\/IMG_3706-300x207.jpeg\",\"keywords\":[\"Exposition\",\"Mus\u00e9e\",\"Nice\"],\"articleSection\":[\"Mus\u00e9e\"],\"inLanguage\":\"fr-FR\",\"potentialAction\":[{\"@type\":\"CommentAction\",\"name\":\"Comment\",\"target\":[\"http:\\\/\\\/blog.nojo.fr\\\/index.php\\\/2025\\\/03\\\/08\\\/visite-de-lexposition-ukraine-la-mort-dans-lame-a-la-galerie-lympia\\\/#respond\"]}]},{\"@type\":\"WebPage\",\"@id\":\"http:\\\/\\\/blog.nojo.fr\\\/index.php\\\/2025\\\/03\\\/08\\\/visite-de-lexposition-ukraine-la-mort-dans-lame-a-la-galerie-lympia\\\/\",\"url\":\"http:\\\/\\\/blog.nojo.fr\\\/index.php\\\/2025\\\/03\\\/08\\\/visite-de-lexposition-ukraine-la-mort-dans-lame-a-la-galerie-lympia\\\/\",\"name\":\"Visite de l'exposition \\\"Ukraine, la mort dans l\u2019\u00e2me\\\" \u00e0 la galerie Lympia - Le blog de Sergiodadi\",\"isPartOf\":{\"@id\":\"http:\\\/\\\/blog.nojo.fr\\\/#website\"},\"primaryImageOfPage\":{\"@id\":\"http:\\\/\\\/blog.nojo.fr\\\/index.php\\\/2025\\\/03\\\/08\\\/visite-de-lexposition-ukraine-la-mort-dans-lame-a-la-galerie-lympia\\\/#primaryimage\"},\"image\":{\"@id\":\"http:\\\/\\\/blog.nojo.fr\\\/index.php\\\/2025\\\/03\\\/08\\\/visite-de-lexposition-ukraine-la-mort-dans-lame-a-la-galerie-lympia\\\/#primaryimage\"},\"thumbnailUrl\":\"https:\\\/\\\/blog.nojo.fr\\\/wp-content\\\/uploads\\\/2025\\\/03\\\/IMG_3706-300x207.jpeg\",\"datePublished\":\"2025-03-08T21:32:25+00:00\",\"dateModified\":\"2025-03-14T09:32:45+00:00\",\"author\":{\"@id\":\"http:\\\/\\\/blog.nojo.fr\\\/#\\\/schema\\\/person\\\/707d71280d1614570f9444dc005cccd0\"},\"description\":\"Visite de l'exposition \\\"Ukraine, la mort dans l\u2019\u00e2me\\\" \u00e0 la galerie Lympia\",\"breadcrumb\":{\"@id\":\"http:\\\/\\\/blog.nojo.fr\\\/index.php\\\/2025\\\/03\\\/08\\\/visite-de-lexposition-ukraine-la-mort-dans-lame-a-la-galerie-lympia\\\/#breadcrumb\"},\"inLanguage\":\"fr-FR\",\"potentialAction\":[{\"@type\":\"ReadAction\",\"target\":[\"http:\\\/\\\/blog.nojo.fr\\\/index.php\\\/2025\\\/03\\\/08\\\/visite-de-lexposition-ukraine-la-mort-dans-lame-a-la-galerie-lympia\\\/\"]}]},{\"@type\":\"ImageObject\",\"inLanguage\":\"fr-FR\",\"@id\":\"http:\\\/\\\/blog.nojo.fr\\\/index.php\\\/2025\\\/03\\\/08\\\/visite-de-lexposition-ukraine-la-mort-dans-lame-a-la-galerie-lympia\\\/#primaryimage\",\"url\":\"http:\\\/\\\/blog.nojo.fr\\\/wp-content\\\/uploads\\\/2025\\\/03\\\/IMG_3706-scaled.jpeg\",\"contentUrl\":\"http:\\\/\\\/blog.nojo.fr\\\/wp-content\\\/uploads\\\/2025\\\/03\\\/IMG_3706-scaled.jpeg\",\"width\":2560,\"height\":1764},{\"@type\":\"BreadcrumbList\",\"@id\":\"http:\\\/\\\/blog.nojo.fr\\\/index.php\\\/2025\\\/03\\\/08\\\/visite-de-lexposition-ukraine-la-mort-dans-lame-a-la-galerie-lympia\\\/#breadcrumb\",\"itemListElement\":[{\"@type\":\"ListItem\",\"position\":1,\"name\":\"Home\",\"item\":\"http:\\\/\\\/blog.nojo.fr\\\/\"},{\"@type\":\"ListItem\",\"position\":2,\"name\":\"Visite de l&#8217;exposition &#8220;Ukraine, la mort dans l\u2019\u00e2me&#8221; \u00e0 la galerie Lympia\"}]},{\"@type\":\"WebSite\",\"@id\":\"http:\\\/\\\/blog.nojo.fr\\\/#website\",\"url\":\"http:\\\/\\\/blog.nojo.fr\\\/\",\"name\":\"Le blog de Sergiodadi\",\"description\":\"Un peu de tout\u2026 Musique, Livres, Amis, Mus\u00e9es, Spectacles\u2026\",\"potentialAction\":[{\"@type\":\"SearchAction\",\"target\":{\"@type\":\"EntryPoint\",\"urlTemplate\":\"http:\\\/\\\/blog.nojo.fr\\\/?s={search_term_string}\"},\"query-input\":{\"@type\":\"PropertyValueSpecification\",\"valueRequired\":true,\"valueName\":\"search_term_string\"}}],\"inLanguage\":\"fr-FR\"},{\"@type\":\"Person\",\"@id\":\"http:\\\/\\\/blog.nojo.fr\\\/#\\\/schema\\\/person\\\/707d71280d1614570f9444dc005cccd0\",\"name\":\"admin-serge\",\"image\":{\"@type\":\"ImageObject\",\"inLanguage\":\"fr-FR\",\"@id\":\"https:\\\/\\\/secure.gravatar.com\\\/avatar\\\/8e91f94c902d837af08d31aa84904cd69aba8327cfda178714a55a31e57dace2?s=96&d=mm&r=g\",\"url\":\"https:\\\/\\\/secure.gravatar.com\\\/avatar\\\/8e91f94c902d837af08d31aa84904cd69aba8327cfda178714a55a31e57dace2?s=96&d=mm&r=g\",\"contentUrl\":\"https:\\\/\\\/secure.gravatar.com\\\/avatar\\\/8e91f94c902d837af08d31aa84904cd69aba8327cfda178714a55a31e57dace2?s=96&d=mm&r=g\",\"caption\":\"admin-serge\"},\"sameAs\":[\"http:\\\/\\\/blog-4.nojo.fr\"],\"url\":\"http:\\\/\\\/blog.nojo.fr\\\/index.php\\\/author\\\/admin-serge\\\/\"}]}<\/script>\n<!-- \/ Yoast SEO plugin. -->","yoast_head_json":{"title":"Visite de l'exposition \"Ukraine, la mort dans l\u2019\u00e2me\" \u00e0 la galerie Lympia - Le blog de Sergiodadi","description":"Visite de l'exposition \"Ukraine, la mort dans l\u2019\u00e2me\" \u00e0 la galerie Lympia","robots":{"index":"index","follow":"follow","max-snippet":"max-snippet:-1","max-image-preview":"max-image-preview:large","max-video-preview":"max-video-preview:-1"},"canonical":"http:\/\/blog.nojo.fr\/index.php\/2025\/03\/08\/visite-de-lexposition-ukraine-la-mort-dans-lame-a-la-galerie-lympia\/","og_locale":"fr_FR","og_type":"article","og_title":"Visite de l'exposition \"Ukraine, la mort dans l\u2019\u00e2me\" \u00e0 la galerie Lympia - Le blog de Sergiodadi","og_description":"Visite de l'exposition \"Ukraine, la mort dans l\u2019\u00e2me\" \u00e0 la galerie Lympia","og_url":"http:\/\/blog.nojo.fr\/index.php\/2025\/03\/08\/visite-de-lexposition-ukraine-la-mort-dans-lame-a-la-galerie-lympia\/","og_site_name":"Le blog de Sergiodadi","article_published_time":"2025-03-08T21:32:25+00:00","article_modified_time":"2025-03-14T09:32:45+00:00","og_image":[{"url":"https:\/\/blog.nojo.fr\/wp-content\/uploads\/2025\/03\/IMG_3706-300x207.jpeg","type":"","width":"","height":""}],"author":"admin-serge","twitter_card":"summary_large_image","twitter_misc":{"\u00c9crit par":"admin-serge","Dur\u00e9e de lecture estim\u00e9e":"3 minutes"},"schema":{"@context":"https:\/\/schema.org","@graph":[{"@type":"Article","@id":"http:\/\/blog.nojo.fr\/index.php\/2025\/03\/08\/visite-de-lexposition-ukraine-la-mort-dans-lame-a-la-galerie-lympia\/#article","isPartOf":{"@id":"http:\/\/blog.nojo.fr\/index.php\/2025\/03\/08\/visite-de-lexposition-ukraine-la-mort-dans-lame-a-la-galerie-lympia\/"},"author":{"name":"admin-serge","@id":"http:\/\/blog.nojo.fr\/#\/schema\/person\/707d71280d1614570f9444dc005cccd0"},"headline":"Visite de l&#8217;exposition &#8220;Ukraine, la mort dans l\u2019\u00e2me&#8221; \u00e0 la galerie Lympia","datePublished":"2025-03-08T21:32:25+00:00","dateModified":"2025-03-14T09:32:45+00:00","mainEntityOfPage":{"@id":"http:\/\/blog.nojo.fr\/index.php\/2025\/03\/08\/visite-de-lexposition-ukraine-la-mort-dans-lame-a-la-galerie-lympia\/"},"wordCount":565,"commentCount":0,"image":{"@id":"http:\/\/blog.nojo.fr\/index.php\/2025\/03\/08\/visite-de-lexposition-ukraine-la-mort-dans-lame-a-la-galerie-lympia\/#primaryimage"},"thumbnailUrl":"https:\/\/blog.nojo.fr\/wp-content\/uploads\/2025\/03\/IMG_3706-300x207.jpeg","keywords":["Exposition","Mus\u00e9e","Nice"],"articleSection":["Mus\u00e9e"],"inLanguage":"fr-FR","potentialAction":[{"@type":"CommentAction","name":"Comment","target":["http:\/\/blog.nojo.fr\/index.php\/2025\/03\/08\/visite-de-lexposition-ukraine-la-mort-dans-lame-a-la-galerie-lympia\/#respond"]}]},{"@type":"WebPage","@id":"http:\/\/blog.nojo.fr\/index.php\/2025\/03\/08\/visite-de-lexposition-ukraine-la-mort-dans-lame-a-la-galerie-lympia\/","url":"http:\/\/blog.nojo.fr\/index.php\/2025\/03\/08\/visite-de-lexposition-ukraine-la-mort-dans-lame-a-la-galerie-lympia\/","name":"Visite de l'exposition \"Ukraine, la mort dans l\u2019\u00e2me\" \u00e0 la galerie Lympia - Le blog de Sergiodadi","isPartOf":{"@id":"http:\/\/blog.nojo.fr\/#website"},"primaryImageOfPage":{"@id":"http:\/\/blog.nojo.fr\/index.php\/2025\/03\/08\/visite-de-lexposition-ukraine-la-mort-dans-lame-a-la-galerie-lympia\/#primaryimage"},"image":{"@id":"http:\/\/blog.nojo.fr\/index.php\/2025\/03\/08\/visite-de-lexposition-ukraine-la-mort-dans-lame-a-la-galerie-lympia\/#primaryimage"},"thumbnailUrl":"https:\/\/blog.nojo.fr\/wp-content\/uploads\/2025\/03\/IMG_3706-300x207.jpeg","datePublished":"2025-03-08T21:32:25+00:00","dateModified":"2025-03-14T09:32:45+00:00","author":{"@id":"http:\/\/blog.nojo.fr\/#\/schema\/person\/707d71280d1614570f9444dc005cccd0"},"description":"Visite de l'exposition \"Ukraine, la mort dans l\u2019\u00e2me\" \u00e0 la galerie Lympia","breadcrumb":{"@id":"http:\/\/blog.nojo.fr\/index.php\/2025\/03\/08\/visite-de-lexposition-ukraine-la-mort-dans-lame-a-la-galerie-lympia\/#breadcrumb"},"inLanguage":"fr-FR","potentialAction":[{"@type":"ReadAction","target":["http:\/\/blog.nojo.fr\/index.php\/2025\/03\/08\/visite-de-lexposition-ukraine-la-mort-dans-lame-a-la-galerie-lympia\/"]}]},{"@type":"ImageObject","inLanguage":"fr-FR","@id":"http:\/\/blog.nojo.fr\/index.php\/2025\/03\/08\/visite-de-lexposition-ukraine-la-mort-dans-lame-a-la-galerie-lympia\/#primaryimage","url":"http:\/\/blog.nojo.fr\/wp-content\/uploads\/2025\/03\/IMG_3706-scaled.jpeg","contentUrl":"http:\/\/blog.nojo.fr\/wp-content\/uploads\/2025\/03\/IMG_3706-scaled.jpeg","width":2560,"height":1764},{"@type":"BreadcrumbList","@id":"http:\/\/blog.nojo.fr\/index.php\/2025\/03\/08\/visite-de-lexposition-ukraine-la-mort-dans-lame-a-la-galerie-lympia\/#breadcrumb","itemListElement":[{"@type":"ListItem","position":1,"name":"Home","item":"http:\/\/blog.nojo.fr\/"},{"@type":"ListItem","position":2,"name":"Visite de l&#8217;exposition &#8220;Ukraine, la mort dans l\u2019\u00e2me&#8221; \u00e0 la galerie Lympia"}]},{"@type":"WebSite","@id":"http:\/\/blog.nojo.fr\/#website","url":"http:\/\/blog.nojo.fr\/","name":"Le blog de Sergiodadi","description":"Un peu de tout\u2026 Musique, Livres, Amis, Mus\u00e9es, Spectacles\u2026","potentialAction":[{"@type":"SearchAction","target":{"@type":"EntryPoint","urlTemplate":"http:\/\/blog.nojo.fr\/?s={search_term_string}"},"query-input":{"@type":"PropertyValueSpecification","valueRequired":true,"valueName":"search_term_string"}}],"inLanguage":"fr-FR"},{"@type":"Person","@id":"http:\/\/blog.nojo.fr\/#\/schema\/person\/707d71280d1614570f9444dc005cccd0","name":"admin-serge","image":{"@type":"ImageObject","inLanguage":"fr-FR","@id":"https:\/\/secure.gravatar.com\/avatar\/8e91f94c902d837af08d31aa84904cd69aba8327cfda178714a55a31e57dace2?s=96&d=mm&r=g","url":"https:\/\/secure.gravatar.com\/avatar\/8e91f94c902d837af08d31aa84904cd69aba8327cfda178714a55a31e57dace2?s=96&d=mm&r=g","contentUrl":"https:\/\/secure.gravatar.com\/avatar\/8e91f94c902d837af08d31aa84904cd69aba8327cfda178714a55a31e57dace2?s=96&d=mm&r=g","caption":"admin-serge"},"sameAs":["http:\/\/blog-4.nojo.fr"],"url":"http:\/\/blog.nojo.fr\/index.php\/author\/admin-serge\/"}]}},"_links":{"self":[{"href":"http:\/\/blog.nojo.fr\/index.php\/wp-json\/wp\/v2\/posts\/25991","targetHints":{"allow":["GET"]}}],"collection":[{"href":"http:\/\/blog.nojo.fr\/index.php\/wp-json\/wp\/v2\/posts"}],"about":[{"href":"http:\/\/blog.nojo.fr\/index.php\/wp-json\/wp\/v2\/types\/post"}],"author":[{"embeddable":true,"href":"http:\/\/blog.nojo.fr\/index.php\/wp-json\/wp\/v2\/users\/1"}],"replies":[{"embeddable":true,"href":"http:\/\/blog.nojo.fr\/index.php\/wp-json\/wp\/v2\/comments?post=25991"}],"version-history":[{"count":4,"href":"http:\/\/blog.nojo.fr\/index.php\/wp-json\/wp\/v2\/posts\/25991\/revisions"}],"predecessor-version":[{"id":26014,"href":"http:\/\/blog.nojo.fr\/index.php\/wp-json\/wp\/v2\/posts\/25991\/revisions\/26014"}],"wp:attachment":[{"href":"http:\/\/blog.nojo.fr\/index.php\/wp-json\/wp\/v2\/media?parent=25991"}],"wp:term":[{"taxonomy":"category","embeddable":true,"href":"http:\/\/blog.nojo.fr\/index.php\/wp-json\/wp\/v2\/categories?post=25991"},{"taxonomy":"post_tag","embeddable":true,"href":"http:\/\/blog.nojo.fr\/index.php\/wp-json\/wp\/v2\/tags?post=25991"}],"curies":[{"name":"wp","href":"https:\/\/api.w.org\/{rel}","templated":true}]}}