{"id":26094,"date":"2025-04-11T22:28:48","date_gmt":"2025-04-11T20:28:48","guid":{"rendered":"https:\/\/blog.nojo.fr\/?p=26094"},"modified":"2025-04-13T14:12:02","modified_gmt":"2025-04-13T12:12:02","slug":"les-3e-legendes-de-nice","status":"publish","type":"post","link":"http:\/\/blog.nojo.fr\/index.php\/2025\/04\/11\/les-3e-legendes-de-nice\/","title":{"rendered":"Les 3e L\u00e9gendes de Nice"},"content":{"rendered":"<div class=\"xdj266r x11i5rnm xat24cr x1mh8g0r x1vvkbs x126k92a\">\n<div dir=\"auto\">&nbsp;<\/div>\n<div dir=\"auto\"><img loading=\"lazy\" decoding=\"async\" class=\"alignnone size-medium wp-image-26096\" src=\"https:\/\/blog.nojo.fr\/wp-content\/uploads\/2025\/04\/IMG_3866-300x259.jpeg\" alt=\"exposition auto Nice\" width=\"300\" height=\"259\" srcset=\"http:\/\/blog.nojo.fr\/wp-content\/uploads\/2025\/04\/IMG_3866-300x259.jpeg 300w, http:\/\/blog.nojo.fr\/wp-content\/uploads\/2025\/04\/IMG_3866-1024x884.jpeg 1024w, http:\/\/blog.nojo.fr\/wp-content\/uploads\/2025\/04\/IMG_3866-768x663.jpeg 768w, http:\/\/blog.nojo.fr\/wp-content\/uploads\/2025\/04\/IMG_3866-1536x1326.jpeg 1536w, http:\/\/blog.nojo.fr\/wp-content\/uploads\/2025\/04\/IMG_3866-2048x1768.jpeg 2048w, http:\/\/blog.nojo.fr\/wp-content\/uploads\/2025\/04\/IMG_3866-624x539.jpeg 624w\" sizes=\"auto, (max-width: 300px) 100vw, 300px\" \/><\/div>\n<div dir=\"auto\">&nbsp;<\/div>\n<div dir=\"auto\"><strong>El\u00e9gance et prestige dans l\u2019\u00e9crin du Jardin Albert 1er<\/strong><\/div>\n<div dir=\"auto\">&nbsp;<\/div>\n<\/div>\n<div class=\"x11i5rnm xat24cr x1mh8g0r x1vvkbs xtlvy1s x126k92a\">\n<div dir=\"auto\">Apr\u00e8s la r\u00e9ussite d\u00e9j\u00e0 historique des deux premi\u00e8res \u00e9ditions des L\u00e9gendes de Nice &#8211; plus de 20 000 visiteurs sur la Promenade des Anglais l\u2019an dernier-, Cavigal Auto-Moto l\u2019organisateur, avec le soutien actif de la ville de <a href=\"https:\/\/fr.wikipedia.org\/wiki\/Nice\">Nice<\/a>, a d\u00e9cid\u00e9 de donner une nouvelle dimension \u00e0 la troisi\u00e8me \u00e9dition internationale qui liera pass\u00e9 et pr\u00e9sent \u00e0 travers quatre remarquables et saisissants concours automobiles et motos.<\/div>\n<div dir=\"auto\">&nbsp;<\/div>\n<\/div>\n<p><!--more--><\/p>\n<div class=\"x11i5rnm xat24cr x1mh8g0r x1vvkbs xtlvy1s x126k92a\">\n<div dir=\"auto\">\nngg_shortcode_0_placeholder<br \/>\n&nbsp;<strong>Les 3e L\u00e9gendes de Nice<\/strong> auront donc lieu les 11, 12 et 13 avril 2025 dans le <a href=\"https:\/\/fr.wikipedia.org\/wiki\/Jardin_Albert-Ier\">Jardin Albert-Ier<\/a>, entre la Promenade des Anglais et la Place Mass\u00e9na sur une surface de 24 000 m2.<\/p>\n<\/div>\n<div dir=\"auto\">&nbsp;<\/div>\n<\/div>\n<div class=\"x11i5rnm xat24cr x1mh8g0r x1vvkbs xtlvy1s x126k92a\">\n<div dir=\"auto\">Le premier concours d\u2019\u00e9l\u00e9gance r\u00e9unira une quinzaine de motos anciennes suivi par des voitures rares qui d\u00e9fileront sur un tapis bleu turquoise long de 500 m\u00e8tres sous le regard averti d\u2019un jury d\u2019exception. Parce que les voitures sont faites pour rouler, les participants prendront ensuite volant et guidon pour un d\u00e9jeuner avec vue mythique de la C\u00f4te d\u2019Azur. Pour que la f\u00eate soit compl\u00e8te, les remises des prix auront lieu au c\u0153ur de la manifestation.<\/div>\n<div dir=\"auto\">&nbsp;<\/div>\n<div dir=\"auto\"><strong>Une passion de collectionneurs pour le r\u00eave des spectateurs<\/strong><\/div>\n<div dir=\"auto\">&nbsp;<\/div>\n<\/div>\n<div class=\"x11i5rnm xat24cr x1mh8g0r x1vvkbs xtlvy1s x126k92a\">\n<div dir=\"auto\">Premi\u00e8re innovation le samedi matin quand chaque concessionnaire moto pr\u00e9sentera une nouveaut\u00e9 qui roulera sur le tapis d\u2019honneur avant d\u2019\u00eatre d\u00e9taill\u00e9e par les experts d\u2019Auto-Moto.<\/div>\n<div dir=\"auto\">&nbsp;<\/div>\n<\/div>\n<div class=\"x11i5rnm xat24cr x1mh8g0r x1vvkbs xtlvy1s x126k92a\">\n<div dir=\"auto\">Le dimanche apr\u00e8s-midi sera organis\u00e9 un grand concours d\u2019\u00e9l\u00e9gance qui r\u00e9compensera les constructeurs d\u2019aujourd\u2019hui, une premi\u00e8re mondiale. Ces hypercars, futures collectionnables, seront mises en avant avec un d\u00e9fil\u00e9 de haute couture cr\u00e9\u00e9 par les meilleurs apprentis de France.<\/div>\n<div dir=\"auto\">&nbsp;<\/div>\n<div dir=\"auto\"><strong>Premier salon de la moto dynamique<\/strong><\/div>\n<div dir=\"auto\">&nbsp;<\/div>\n<\/div>\n<div class=\"x11i5rnm xat24cr x1mh8g0r x1vvkbs xtlvy1s x126k92a\">\n<div dir=\"auto\">Les L\u00e9gendes de <a href=\"https:\/\/fr.wikipedia.org\/wiki\/Nice\">Nice<\/a>, \u00e9v\u00e9nement f\u00e9d\u00e9rateur du monde automobile, sont en constante \u00e9volution. Les organisateurs ont ainsi instill\u00e9 d\u2019autres nouveaut\u00e9s pertinentes comme la tr\u00e8s belle exposition des nouvelles motos 2025 avec une pr\u00e9sentation dynamique.<\/div>\n<div dir=\"auto\">&nbsp;<\/div>\n<\/div>\n<div class=\"x11i5rnm xat24cr x1mh8g0r x1vvkbs xtlvy1s x126k92a\">\n<div dir=\"auto\">Partenaire officiel des L\u00e9gendes, Christian Cauchi pr\u00e9pare d\u2019ailleurs un environnement pr\u00e9cieux pour la pr\u00e9sentation des v\u00e9hicules avec la mise en place de stands design et innovants.<\/div>\n<div dir=\"auto\">&nbsp;<\/div>\n<div dir=\"auto\"><strong>Conf\u00e9rences et expositions<\/strong><\/div>\n<div dir=\"auto\">&nbsp;<\/div>\n<\/div>\n<div class=\"x11i5rnm xat24cr x1mh8g0r x1vvkbs xtlvy1s x126k92a\">\n<div dir=\"auto\">Invit\u00e9s et visiteurs pourront aussi appr\u00e9cier une exposition historique sur le patrimoine automobile, conjugu\u00e9e \u00e0 des conf\u00e9rences sur le sujet.<\/div>\n<div dir=\"auto\">&nbsp;<\/div>\n<\/div>\n<div class=\"x11i5rnm xat24cr x1mh8g0r x1vvkbs xtlvy1s x126k92a\">\n<div dir=\"auto\">En lien avec les Studios de la Victorine, le cin\u00e9ma sera \u00e0 l\u2019affiche avec une pr\u00e9sentation de voitures mythiques.<\/div>\n<div dir=\"auto\">&nbsp;<\/div>\n<\/div>\n<div class=\"x11i5rnm xat24cr x1mh8g0r x1vvkbs xtlvy1s x126k92a\">\n<div dir=\"auto\">Et puisque en 2025 <a href=\"https:\/\/fr.wikipedia.org\/wiki\/Nice\">Nice<\/a> accueillera le sommet des oc\u00e9ans, l\u2019opportunit\u00e9 sera saisie pour \u00e9voquer le monde nautique et les marques automobiles ayant particip\u00e9 au d\u00e9veloppement des moteurs de bateaux de renom.<\/div>\n<\/div>\n<div class=\"x11i5rnm xat24cr x1mh8g0r x1vvkbs xtlvy1s x126k92a\">\n<div dir=\"auto\">Enfin, l\u2019esth\u00e9tique sera mis \u00e0 l\u2019honneur dans le village des partenaires, o\u00f9 l\u2019art automobile sous ses formes diverses sera expos\u00e9.<\/div>\n<\/div>\n<div class=\"x11i5rnm xat24cr x1mh8g0r x1vvkbs xtlvy1s x126k92a\">\n<div dir=\"auto\">&nbsp;<\/div>\n<div dir=\"auto\">D\u2019autres tr\u00e8s belles surprises sont en pr\u00e9paration avec entre autre, l\u2019arriv\u00e9e du Tour Auto que nous accueillerons au coeur de la ville, pour la premiere fois l\u2019exposition des motos personnelles de <a href=\"https:\/\/fr.wikipedia.org\/wiki\/Christian_Estrosi\">Christian Estrosi<\/a> avec son histoire et des hommages aux figures ni\u00e7oises de la moto et de l\u2019automobile dont Henri Onda et <a href=\"https:\/\/fr.wikipedia.org\/wiki\/Jean_Behra\">Jean Behra<\/a>.<\/div>\n<div dir=\"auto\">&nbsp;<\/div>\n<\/div>\n<div class=\"x11i5rnm xat24cr x1mh8g0r x1vvkbs xtlvy1s x126k92a\">\n<div dir=\"auto\">Attention ! Il est urgent de s\u2019inscrire aux L\u00e9gendes de Nice 2025, sachant que l\u2019an dernier, il y a eu pr\u00e8s d\u2019un millier de demandes pour seulement 70 voitures s\u00e9lectionn\u00e9es pour les quatre concours.<\/div>\n<\/div>\n","protected":false},"excerpt":{"rendered":"<p>&nbsp; &nbsp; El\u00e9gance et prestige dans l\u2019\u00e9crin du Jardin Albert 1er &nbsp; Apr\u00e8s la r\u00e9ussite d\u00e9j\u00e0 historique des deux premi\u00e8res \u00e9ditions des L\u00e9gendes de Nice &#8211; plus de 20 000 visiteurs sur la Promenade des Anglais l\u2019an dernier-, Cavigal Auto-Moto l\u2019organisateur, avec le soutien actif de la ville de Nice, a d\u00e9cid\u00e9 de donner une [&hellip;]<\/p>\n","protected":false},"author":3,"featured_media":0,"comment_status":"open","ping_status":"closed","sticky":false,"template":"","format":"standard","meta":{"wikipediapreview_detectlinks":true,"ngg_post_thumbnail":0,"footnotes":""},"categories":[4,8],"tags":[63,34,44],"class_list":["post-26094","post","type-post","status-publish","format-standard","hentry","category-collection","category-histoire","tag-automobile","tag-exposition","tag-nice"],"yoast_head":"<!-- This site is optimized with the Yoast SEO plugin v27.4 - https:\/\/yoast.com\/product\/yoast-seo-wordpress\/ -->\n<title>Les 3e L\u00e9gendes de Nice - Le blog de Sergiodadi<\/title>\n<meta name=\"description\" content=\"exposition automobile au jardin Albert 1 \u00e0 Nice\" \/>\n<meta name=\"robots\" content=\"index, follow, max-snippet:-1, max-image-preview:large, max-video-preview:-1\" \/>\n<link rel=\"canonical\" href=\"http:\/\/blog.nojo.fr\/index.php\/2025\/04\/11\/les-3e-legendes-de-nice\/\" \/>\n<meta property=\"og:locale\" content=\"fr_FR\" \/>\n<meta property=\"og:type\" content=\"article\" \/>\n<meta property=\"og:title\" content=\"Les 3e L\u00e9gendes de Nice - Le blog de Sergiodadi\" \/>\n<meta property=\"og:description\" content=\"exposition automobile au jardin Albert 1 \u00e0 Nice\" \/>\n<meta property=\"og:url\" content=\"http:\/\/blog.nojo.fr\/index.php\/2025\/04\/11\/les-3e-legendes-de-nice\/\" \/>\n<meta property=\"og:site_name\" content=\"Le blog de Sergiodadi\" \/>\n<meta property=\"article:published_time\" content=\"2025-04-11T20:28:48+00:00\" \/>\n<meta property=\"article:modified_time\" content=\"2025-04-13T12:12:02+00:00\" \/>\n<meta property=\"og:image\" content=\"https:\/\/blog.nojo.fr\/wp-content\/uploads\/2025\/04\/IMG_3866-300x259.jpeg\" \/>\n<meta name=\"author\" content=\"admin-wordpress-serge\" \/>\n<meta name=\"twitter:card\" content=\"summary_large_image\" \/>\n<meta name=\"twitter:label1\" content=\"\u00c9crit par\" \/>\n\t<meta name=\"twitter:data1\" content=\"admin-wordpress-serge\" \/>\n\t<meta name=\"twitter:label2\" content=\"Dur\u00e9e de lecture estim\u00e9e\" \/>\n\t<meta name=\"twitter:data2\" content=\"3 minutes\" \/>\n<script type=\"application\/ld+json\" class=\"yoast-schema-graph\">{\"@context\":\"https:\\\/\\\/schema.org\",\"@graph\":[{\"@type\":\"Article\",\"@id\":\"http:\\\/\\\/blog.nojo.fr\\\/index.php\\\/2025\\\/04\\\/11\\\/les-3e-legendes-de-nice\\\/#article\",\"isPartOf\":{\"@id\":\"http:\\\/\\\/blog.nojo.fr\\\/index.php\\\/2025\\\/04\\\/11\\\/les-3e-legendes-de-nice\\\/\"},\"author\":{\"name\":\"admin-wordpress-serge\",\"@id\":\"http:\\\/\\\/blog.nojo.fr\\\/#\\\/schema\\\/person\\\/2b7ddf67f10b44c7017ac1292649d6e3\"},\"headline\":\"Les 3e L\u00e9gendes de Nice\",\"datePublished\":\"2025-04-11T20:28:48+00:00\",\"dateModified\":\"2025-04-13T12:12:02+00:00\",\"mainEntityOfPage\":{\"@id\":\"http:\\\/\\\/blog.nojo.fr\\\/index.php\\\/2025\\\/04\\\/11\\\/les-3e-legendes-de-nice\\\/\"},\"wordCount\":605,\"commentCount\":0,\"image\":{\"@id\":\"http:\\\/\\\/blog.nojo.fr\\\/index.php\\\/2025\\\/04\\\/11\\\/les-3e-legendes-de-nice\\\/#primaryimage\"},\"thumbnailUrl\":\"https:\\\/\\\/blog.nojo.fr\\\/wp-content\\\/uploads\\\/2025\\\/04\\\/IMG_3866-300x259.jpeg\",\"keywords\":[\"Automobile\",\"Exposition\",\"Nice\"],\"articleSection\":[\"Collection\",\"Histoire\"],\"inLanguage\":\"fr-FR\",\"potentialAction\":[{\"@type\":\"CommentAction\",\"name\":\"Comment\",\"target\":[\"http:\\\/\\\/blog.nojo.fr\\\/index.php\\\/2025\\\/04\\\/11\\\/les-3e-legendes-de-nice\\\/#respond\"]}]},{\"@type\":\"WebPage\",\"@id\":\"http:\\\/\\\/blog.nojo.fr\\\/index.php\\\/2025\\\/04\\\/11\\\/les-3e-legendes-de-nice\\\/\",\"url\":\"http:\\\/\\\/blog.nojo.fr\\\/index.php\\\/2025\\\/04\\\/11\\\/les-3e-legendes-de-nice\\\/\",\"name\":\"Les 3e L\u00e9gendes de Nice - Le blog de Sergiodadi\",\"isPartOf\":{\"@id\":\"http:\\\/\\\/blog.nojo.fr\\\/#website\"},\"primaryImageOfPage\":{\"@id\":\"http:\\\/\\\/blog.nojo.fr\\\/index.php\\\/2025\\\/04\\\/11\\\/les-3e-legendes-de-nice\\\/#primaryimage\"},\"image\":{\"@id\":\"http:\\\/\\\/blog.nojo.fr\\\/index.php\\\/2025\\\/04\\\/11\\\/les-3e-legendes-de-nice\\\/#primaryimage\"},\"thumbnailUrl\":\"https:\\\/\\\/blog.nojo.fr\\\/wp-content\\\/uploads\\\/2025\\\/04\\\/IMG_3866-300x259.jpeg\",\"datePublished\":\"2025-04-11T20:28:48+00:00\",\"dateModified\":\"2025-04-13T12:12:02+00:00\",\"author\":{\"@id\":\"http:\\\/\\\/blog.nojo.fr\\\/#\\\/schema\\\/person\\\/2b7ddf67f10b44c7017ac1292649d6e3\"},\"description\":\"exposition automobile au jardin Albert 1 \u00e0 Nice\",\"breadcrumb\":{\"@id\":\"http:\\\/\\\/blog.nojo.fr\\\/index.php\\\/2025\\\/04\\\/11\\\/les-3e-legendes-de-nice\\\/#breadcrumb\"},\"inLanguage\":\"fr-FR\",\"potentialAction\":[{\"@type\":\"ReadAction\",\"target\":[\"http:\\\/\\\/blog.nojo.fr\\\/index.php\\\/2025\\\/04\\\/11\\\/les-3e-legendes-de-nice\\\/\"]}]},{\"@type\":\"ImageObject\",\"inLanguage\":\"fr-FR\",\"@id\":\"http:\\\/\\\/blog.nojo.fr\\\/index.php\\\/2025\\\/04\\\/11\\\/les-3e-legendes-de-nice\\\/#primaryimage\",\"url\":\"http:\\\/\\\/blog.nojo.fr\\\/wp-content\\\/uploads\\\/2025\\\/04\\\/IMG_3866-scaled.jpeg\",\"contentUrl\":\"http:\\\/\\\/blog.nojo.fr\\\/wp-content\\\/uploads\\\/2025\\\/04\\\/IMG_3866-scaled.jpeg\",\"width\":2560,\"height\":2210,\"caption\":\"exposition auto Nice\"},{\"@type\":\"BreadcrumbList\",\"@id\":\"http:\\\/\\\/blog.nojo.fr\\\/index.php\\\/2025\\\/04\\\/11\\\/les-3e-legendes-de-nice\\\/#breadcrumb\",\"itemListElement\":[{\"@type\":\"ListItem\",\"position\":1,\"name\":\"Home\",\"item\":\"http:\\\/\\\/blog.nojo.fr\\\/\"},{\"@type\":\"ListItem\",\"position\":2,\"name\":\"Les 3e L\u00e9gendes de Nice\"}]},{\"@type\":\"WebSite\",\"@id\":\"http:\\\/\\\/blog.nojo.fr\\\/#website\",\"url\":\"http:\\\/\\\/blog.nojo.fr\\\/\",\"name\":\"Le blog de Sergiodadi\",\"description\":\"Un peu de tout\u2026 Musique, Livres, Amis, Mus\u00e9es, Spectacles\u2026\",\"potentialAction\":[{\"@type\":\"SearchAction\",\"target\":{\"@type\":\"EntryPoint\",\"urlTemplate\":\"http:\\\/\\\/blog.nojo.fr\\\/?s={search_term_string}\"},\"query-input\":{\"@type\":\"PropertyValueSpecification\",\"valueRequired\":true,\"valueName\":\"search_term_string\"}}],\"inLanguage\":\"fr-FR\"},{\"@type\":\"Person\",\"@id\":\"http:\\\/\\\/blog.nojo.fr\\\/#\\\/schema\\\/person\\\/2b7ddf67f10b44c7017ac1292649d6e3\",\"name\":\"admin-wordpress-serge\",\"image\":{\"@type\":\"ImageObject\",\"inLanguage\":\"fr-FR\",\"@id\":\"https:\\\/\\\/secure.gravatar.com\\\/avatar\\\/3f23242a408604805e15c79f54b2c7125028dbc55052da2adecd0046e766cb72?s=96&d=mm&r=g\",\"url\":\"https:\\\/\\\/secure.gravatar.com\\\/avatar\\\/3f23242a408604805e15c79f54b2c7125028dbc55052da2adecd0046e766cb72?s=96&d=mm&r=g\",\"contentUrl\":\"https:\\\/\\\/secure.gravatar.com\\\/avatar\\\/3f23242a408604805e15c79f54b2c7125028dbc55052da2adecd0046e766cb72?s=96&d=mm&r=g\",\"caption\":\"admin-wordpress-serge\"},\"url\":\"http:\\\/\\\/blog.nojo.fr\\\/index.php\\\/author\\\/admin-wordpress-serge\\\/\"}]}<\/script>\n<!-- \/ Yoast SEO plugin. -->","yoast_head_json":{"title":"Les 3e L\u00e9gendes de Nice - Le blog de Sergiodadi","description":"exposition automobile au jardin Albert 1 \u00e0 Nice","robots":{"index":"index","follow":"follow","max-snippet":"max-snippet:-1","max-image-preview":"max-image-preview:large","max-video-preview":"max-video-preview:-1"},"canonical":"http:\/\/blog.nojo.fr\/index.php\/2025\/04\/11\/les-3e-legendes-de-nice\/","og_locale":"fr_FR","og_type":"article","og_title":"Les 3e L\u00e9gendes de Nice - Le blog de Sergiodadi","og_description":"exposition automobile au jardin Albert 1 \u00e0 Nice","og_url":"http:\/\/blog.nojo.fr\/index.php\/2025\/04\/11\/les-3e-legendes-de-nice\/","og_site_name":"Le blog de Sergiodadi","article_published_time":"2025-04-11T20:28:48+00:00","article_modified_time":"2025-04-13T12:12:02+00:00","og_image":[{"url":"https:\/\/blog.nojo.fr\/wp-content\/uploads\/2025\/04\/IMG_3866-300x259.jpeg","type":"","width":"","height":""}],"author":"admin-wordpress-serge","twitter_card":"summary_large_image","twitter_misc":{"\u00c9crit par":"admin-wordpress-serge","Dur\u00e9e de lecture estim\u00e9e":"3 minutes"},"schema":{"@context":"https:\/\/schema.org","@graph":[{"@type":"Article","@id":"http:\/\/blog.nojo.fr\/index.php\/2025\/04\/11\/les-3e-legendes-de-nice\/#article","isPartOf":{"@id":"http:\/\/blog.nojo.fr\/index.php\/2025\/04\/11\/les-3e-legendes-de-nice\/"},"author":{"name":"admin-wordpress-serge","@id":"http:\/\/blog.nojo.fr\/#\/schema\/person\/2b7ddf67f10b44c7017ac1292649d6e3"},"headline":"Les 3e L\u00e9gendes de Nice","datePublished":"2025-04-11T20:28:48+00:00","dateModified":"2025-04-13T12:12:02+00:00","mainEntityOfPage":{"@id":"http:\/\/blog.nojo.fr\/index.php\/2025\/04\/11\/les-3e-legendes-de-nice\/"},"wordCount":605,"commentCount":0,"image":{"@id":"http:\/\/blog.nojo.fr\/index.php\/2025\/04\/11\/les-3e-legendes-de-nice\/#primaryimage"},"thumbnailUrl":"https:\/\/blog.nojo.fr\/wp-content\/uploads\/2025\/04\/IMG_3866-300x259.jpeg","keywords":["Automobile","Exposition","Nice"],"articleSection":["Collection","Histoire"],"inLanguage":"fr-FR","potentialAction":[{"@type":"CommentAction","name":"Comment","target":["http:\/\/blog.nojo.fr\/index.php\/2025\/04\/11\/les-3e-legendes-de-nice\/#respond"]}]},{"@type":"WebPage","@id":"http:\/\/blog.nojo.fr\/index.php\/2025\/04\/11\/les-3e-legendes-de-nice\/","url":"http:\/\/blog.nojo.fr\/index.php\/2025\/04\/11\/les-3e-legendes-de-nice\/","name":"Les 3e L\u00e9gendes de Nice - Le blog de Sergiodadi","isPartOf":{"@id":"http:\/\/blog.nojo.fr\/#website"},"primaryImageOfPage":{"@id":"http:\/\/blog.nojo.fr\/index.php\/2025\/04\/11\/les-3e-legendes-de-nice\/#primaryimage"},"image":{"@id":"http:\/\/blog.nojo.fr\/index.php\/2025\/04\/11\/les-3e-legendes-de-nice\/#primaryimage"},"thumbnailUrl":"https:\/\/blog.nojo.fr\/wp-content\/uploads\/2025\/04\/IMG_3866-300x259.jpeg","datePublished":"2025-04-11T20:28:48+00:00","dateModified":"2025-04-13T12:12:02+00:00","author":{"@id":"http:\/\/blog.nojo.fr\/#\/schema\/person\/2b7ddf67f10b44c7017ac1292649d6e3"},"description":"exposition automobile au jardin Albert 1 \u00e0 Nice","breadcrumb":{"@id":"http:\/\/blog.nojo.fr\/index.php\/2025\/04\/11\/les-3e-legendes-de-nice\/#breadcrumb"},"inLanguage":"fr-FR","potentialAction":[{"@type":"ReadAction","target":["http:\/\/blog.nojo.fr\/index.php\/2025\/04\/11\/les-3e-legendes-de-nice\/"]}]},{"@type":"ImageObject","inLanguage":"fr-FR","@id":"http:\/\/blog.nojo.fr\/index.php\/2025\/04\/11\/les-3e-legendes-de-nice\/#primaryimage","url":"http:\/\/blog.nojo.fr\/wp-content\/uploads\/2025\/04\/IMG_3866-scaled.jpeg","contentUrl":"http:\/\/blog.nojo.fr\/wp-content\/uploads\/2025\/04\/IMG_3866-scaled.jpeg","width":2560,"height":2210,"caption":"exposition auto Nice"},{"@type":"BreadcrumbList","@id":"http:\/\/blog.nojo.fr\/index.php\/2025\/04\/11\/les-3e-legendes-de-nice\/#breadcrumb","itemListElement":[{"@type":"ListItem","position":1,"name":"Home","item":"http:\/\/blog.nojo.fr\/"},{"@type":"ListItem","position":2,"name":"Les 3e L\u00e9gendes de Nice"}]},{"@type":"WebSite","@id":"http:\/\/blog.nojo.fr\/#website","url":"http:\/\/blog.nojo.fr\/","name":"Le blog de Sergiodadi","description":"Un peu de tout\u2026 Musique, Livres, Amis, Mus\u00e9es, Spectacles\u2026","potentialAction":[{"@type":"SearchAction","target":{"@type":"EntryPoint","urlTemplate":"http:\/\/blog.nojo.fr\/?s={search_term_string}"},"query-input":{"@type":"PropertyValueSpecification","valueRequired":true,"valueName":"search_term_string"}}],"inLanguage":"fr-FR"},{"@type":"Person","@id":"http:\/\/blog.nojo.fr\/#\/schema\/person\/2b7ddf67f10b44c7017ac1292649d6e3","name":"admin-wordpress-serge","image":{"@type":"ImageObject","inLanguage":"fr-FR","@id":"https:\/\/secure.gravatar.com\/avatar\/3f23242a408604805e15c79f54b2c7125028dbc55052da2adecd0046e766cb72?s=96&d=mm&r=g","url":"https:\/\/secure.gravatar.com\/avatar\/3f23242a408604805e15c79f54b2c7125028dbc55052da2adecd0046e766cb72?s=96&d=mm&r=g","contentUrl":"https:\/\/secure.gravatar.com\/avatar\/3f23242a408604805e15c79f54b2c7125028dbc55052da2adecd0046e766cb72?s=96&d=mm&r=g","caption":"admin-wordpress-serge"},"url":"http:\/\/blog.nojo.fr\/index.php\/author\/admin-wordpress-serge\/"}]}},"_links":{"self":[{"href":"http:\/\/blog.nojo.fr\/index.php\/wp-json\/wp\/v2\/posts\/26094","targetHints":{"allow":["GET"]}}],"collection":[{"href":"http:\/\/blog.nojo.fr\/index.php\/wp-json\/wp\/v2\/posts"}],"about":[{"href":"http:\/\/blog.nojo.fr\/index.php\/wp-json\/wp\/v2\/types\/post"}],"author":[{"embeddable":true,"href":"http:\/\/blog.nojo.fr\/index.php\/wp-json\/wp\/v2\/users\/3"}],"replies":[{"embeddable":true,"href":"http:\/\/blog.nojo.fr\/index.php\/wp-json\/wp\/v2\/comments?post=26094"}],"version-history":[{"count":5,"href":"http:\/\/blog.nojo.fr\/index.php\/wp-json\/wp\/v2\/posts\/26094\/revisions"}],"predecessor-version":[{"id":26101,"href":"http:\/\/blog.nojo.fr\/index.php\/wp-json\/wp\/v2\/posts\/26094\/revisions\/26101"}],"wp:attachment":[{"href":"http:\/\/blog.nojo.fr\/index.php\/wp-json\/wp\/v2\/media?parent=26094"}],"wp:term":[{"taxonomy":"category","embeddable":true,"href":"http:\/\/blog.nojo.fr\/index.php\/wp-json\/wp\/v2\/categories?post=26094"},{"taxonomy":"post_tag","embeddable":true,"href":"http:\/\/blog.nojo.fr\/index.php\/wp-json\/wp\/v2\/tags?post=26094"}],"curies":[{"name":"wp","href":"https:\/\/api.w.org\/{rel}","templated":true}]}}